{"id":18475,"date":"2025-10-29T18:39:40","date_gmt":"2025-10-29T17:39:40","guid":{"rendered":"https:\/\/elcafedepipa.com\/?p=18475"},"modified":"2025-10-29T18:39:41","modified_gmt":"2025-10-29T17:39:41","slug":"nules-recorda-les-victimes-de-la-dana-en-el-seu-primer-aniversari","status":"publish","type":"post","link":"https:\/\/elcafedepipa.com\/index.php\/2025\/10\/29\/nules-recorda-les-victimes-de-la-dana-en-el-seu-primer-aniversari\/","title":{"rendered":"Nules recorda les v\u00edctimes de la DANA en el seu primer aniversari"},"content":{"rendered":"\n<p>Autoritats i ve\u00efnat guarden un minut de silenci en la seua mem\u00f2ria<\/p>\n\n\n\n<p>Nules s\u2019ha sumat hui a les mostres de dolor i record per la cat\u00e0strofe que va costar la vida a 229 persones i que va afectar milers de fam\u00edlies fa un any, igual que han fet la Federaci\u00f3 Valenciana de Municipis i Prov\u00edncies (FVMP) i la resta de municipis de la Comunitat Valenciana.<\/p>\n\n\n\n<p>Amb motiu del primer aniversari de la DANA, l\u2019Ajuntament de Nules ha convocat la ciutadania per a recordar les v\u00edctimes d\u2019aquella riuada. L\u2019alcalde de Nules, David Garc\u00eda, acompanyat per diferents regidors i regidores de la corporaci\u00f3 municipal, ha volgut en aquest dia retre homenatge a les v\u00edctimes i a les seues fam\u00edlies, aix\u00ed com a totes les persones afectades i a aquelles que, de manera volunt\u00e0ria, van ajudar durant la trag\u00e8dia.<\/p>\n\n\n\n<p>A m\u00e9s, el consistori s\u2019ha sumat al dol oficial decretat pel Ple del Consell de la Generalitat Valenciana, i les banderes de l\u2019Ajuntament onegen hui a mig pal en senyal de respecte i mem\u00f2ria.<\/p>\n","protected":false},"excerpt":{"rendered":"<p>Autoritats i ve\u00efnat guarden un minut de silenci en la seua mem\u00f2ria Nules s\u2019ha sumat hui a les mostres de dolor i record per la cat\u00e0strofe que va costar la vida a 229 persones i que va afectar milers de fam\u00edlies fa un any, igual que han fet la Federaci\u00f3 Valenciana de Municipis i Prov\u00edncies &#8230; <a title=\"Nules recorda les v\u00edctimes de la DANA en el seu primer aniversari\" class=\"read-more\" href=\"https:\/\/elcafedepipa.com\/index.php\/2025\/10\/29\/nules-recorda-les-victimes-de-la-dana-en-el-seu-primer-aniversari\/\" aria-label=\"M\u00e9s informaci\u00f3 sobre Nules recorda les v\u00edctimes de la DANA en el seu primer aniversari\">Read more<\/a><\/p>\n","protected":false},"author":2,"featured_media":18476,"comment_status":"closed","ping_status":"closed","sticky":false,"template":"","format":"standard","meta":{"om_disable_all_campaigns":false,"_monsterinsights_skip_tracking":false,"_monsterinsights_sitenote_active":false,"_monsterinsights_sitenote_note":"","_monsterinsights_sitenote_category":0,"_uf_show_specific_survey":0,"_uf_disable_surveys":false,"footnotes":""},"categories":[3],"tags":[],"class_list":["post-18475","post","type-post","status-publish","format-standard","has-post-thumbnail","hentry","category-nules"],"_links":{"self":[{"href":"https:\/\/elcafedepipa.com\/index.php\/wp-json\/wp\/v2\/posts\/18475","targetHints":{"allow":["GET"]}}],"collection":[{"href":"https:\/\/elcafedepipa.com\/index.php\/wp-json\/wp\/v2\/posts"}],"about":[{"href":"https:\/\/elcafedepipa.com\/index.php\/wp-json\/wp\/v2\/types\/post"}],"author":[{"embeddable":true,"href":"https:\/\/elcafedepipa.com\/index.php\/wp-json\/wp\/v2\/users\/2"}],"replies":[{"embeddable":true,"href":"https:\/\/elcafedepipa.com\/index.php\/wp-json\/wp\/v2\/comments?post=18475"}],"version-history":[{"count":1,"href":"https:\/\/elcafedepipa.com\/index.php\/wp-json\/wp\/v2\/posts\/18475\/revisions"}],"predecessor-version":[{"id":18477,"href":"https:\/\/elcafedepipa.com\/index.php\/wp-json\/wp\/v2\/posts\/18475\/revisions\/18477"}],"wp:featuredmedia":[{"embeddable":true,"href":"https:\/\/elcafedepipa.com\/index.php\/wp-json\/wp\/v2\/media\/18476"}],"wp:attachment":[{"href":"https:\/\/elcafedepipa.com\/index.php\/wp-json\/wp\/v2\/media?parent=18475"}],"wp:term":[{"taxonomy":"category","embeddable":true,"href":"https:\/\/elcafedepipa.com\/index.php\/wp-json\/wp\/v2\/categories?post=18475"},{"taxonomy":"post_tag","embeddable":true,"href":"https:\/\/elcafedepipa.com\/index.php\/wp-json\/wp\/v2\/tags?post=18475"}],"curies":[{"name":"wp","href":"https:\/\/api.w.org\/{rel}","templated":true}]}}