{"id":18471,"date":"2025-10-29T18:35:52","date_gmt":"2025-10-29T17:35:52","guid":{"rendered":"https:\/\/elcafedepipa.com\/?p=18471"},"modified":"2025-10-29T18:35:53","modified_gmt":"2025-10-29T17:35:53","slug":"halloween-arriba-de-nou-a-nules-amb-el-passatge-del-terror","status":"publish","type":"post","link":"https:\/\/elcafedepipa.com\/index.php\/2025\/10\/29\/halloween-arriba-de-nou-a-nules-amb-el-passatge-del-terror\/","title":{"rendered":"Halloween arriba de nou a Nules amb el passatge del terror"},"content":{"rendered":"\n<p>Halloween arribar\u00e0 de nou a Nules amb una programaci\u00f3 que es desenvolupar\u00e0 el pr\u00f2xim divendres 31 d\u2019octubre.<\/p>\n\n\n\n<p>Aix\u00ed, de nou s\u2019ha organitzat per als m\u00e9s joves el \u201cPassatge del Terror\u201d que es consolida amb r\u00e8cord de participaci\u00f3 i una ambientaci\u00f3 inspirada en SAW.<\/p>\n\n\n\n<p>El \u201cPassatge del Terror\u201d, que organitza la Regidoria de Joventut de l\u2019Ajuntament de Nules, celebra enguany la seua quarta edici\u00f3 \u201cconvertint-se ja en una tradici\u00f3 imprescindible per a la joventut del municipi\u201d, apunta la regidora Blanca Silvestre.<\/p>\n\n\n\n<p>De fet, davant l\u2019alta demanda d\u2019inscripcions, la regidoria ha fet un gran esfor\u00e7 organitzatiu per ampliar l\u2019oferta amb sis grups addicionals i allargar l\u2019horari fins a les 00.30 hores, de manera que el recorregut s\u2019iniciar\u00e0 a les 18.00 hores i s\u2019allargar\u00e0 fins ben entrada la nit.<\/p>\n\n\n\n<p>L\u2019edici\u00f3 d\u2019aquest any arriba amb una ambientaci\u00f3 inspirada en la m\u00edtica saga cinematogr\u00e0fica SAW, oferint una experi\u00e8ncia m\u00e9s intensa i immersiva que mai. Els participants hauran d\u2019endinsar-se en un laberint d\u2019escenaris inquietants, proves psicol\u00f2giques i enigmes, on res \u00e9s el que sembla i cada decisi\u00f3 pot tindre conseq\u00fc\u00e8ncies inesperades.<\/p>\n\n\n\n<p>\u201cEl Passatge del Terror de Nules \u00e9s una de les activitats m\u00e9s esperades per la joventut. Any rere any augmenta la participaci\u00f3, i enguany hem volgut anar m\u00e9s enll\u00e0: ampliar grups, allargar l\u2019horari i introduir una tem\u00e0tica cinematogr\u00e0fica per oferir una experi\u00e8ncia totalment nova\u201d, ha destacat Blanca Silvestre.<\/p>\n\n\n\n<p>L\u2019activitat combina escenografia, il\u00b7luminaci\u00f3, efectes sonors i interpretacions teatrals per aconseguir una immersi\u00f3 completa dins de l\u2019univers del terror. Aquesta proposta forma part del programa \u201cDissabtes al Casal\u201d i s\u2019inclou dins<\/p>\n\n\n\n<p>del Pla Jove de Nules 2025-2026, com a exemple d\u2019oci alternatiu, segur i participatiu per a la joventut del municipi.<\/p>\n\n\n\n<p>Halloween al mercat<\/p>\n\n\n\n<p>Aix\u00ed mateix, com a novetat enguany els m\u00e9s menuts tamb\u00e9 podran gaudir d\u2019activitats per a ells. \u201cHalloween al mercat\u201d s\u2019anomena la programaci\u00f3 que ha organitzat l\u2019alumnat i personal docent del certificat de Comer\u00e7 del programa T\u2019Avalem juntament amb la regidoria d\u2019Inf\u00e0ncia.<\/p>\n\n\n\n<p>De manera que, els xiquets i xiquetes podran participar de la ruta \u201cTruco o trato\u201d. Aquesta activitat consisteix en visitar els comer\u00e7os locals adherits com ara Fran Mira, Tinta China, Maduixeta Kids, Clip i Foto Nules per a aconseguir el segell d\u2019un passaport, i llaminadures.<\/p>\n\n\n\n<p>En acabar la ruta, els xiquets i xiquetes participants podran completar el seu passaport al mercat, i seguir gaudint de les diferents activitats que tindran lloc en horari de 17.30 a 20.00 hores. Hi haur\u00e0 conta-contes, castell unfable, i tres tallers tem\u00e0tics de Halloween, a m\u00e9s d\u2019un photocall terror\u00edfic ubicat al mercat municipal per a aquesta jornada.<\/p>\n\n\n\n<p>La regidora d\u2019Inf\u00e0ncia, Rosa Ventura, destaca al respecte que \u201camb aquesta programaci\u00f3 els xiquets i xiquetes del nostre municipi podran gaudir d\u2019una vesprada especial, carregada d\u2019aventures i misteri d\u2019acord a la seua edat\u201d.<\/p>\n\n\n\n<figure class=\"wp-block-image size-full\"><img fetchpriority=\"high\" decoding=\"async\" width=\"250\" height=\"351\" src=\"https:\/\/elcafedepipa.com\/wp-content\/uploads\/2025\/10\/GetAttachmentThumbnail-25.jpg\" alt=\"\" class=\"wp-image-18472\" srcset=\"https:\/\/elcafedepipa.com\/wp-content\/uploads\/2025\/10\/GetAttachmentThumbnail-25.jpg 250w, https:\/\/elcafedepipa.com\/wp-content\/uploads\/2025\/10\/GetAttachmentThumbnail-25-214x300.jpg 214w\" sizes=\"(max-width: 250px) 100vw, 250px\" \/><\/figure>\n\n\n\n<figure class=\"wp-block-image size-full\"><img decoding=\"async\" width=\"250\" height=\"312\" src=\"https:\/\/elcafedepipa.com\/wp-content\/uploads\/2025\/10\/GetAttachmentThumbnail-26.jpg\" alt=\"\" class=\"wp-image-18473\" srcset=\"https:\/\/elcafedepipa.com\/wp-content\/uploads\/2025\/10\/GetAttachmentThumbnail-26.jpg 250w, https:\/\/elcafedepipa.com\/wp-content\/uploads\/2025\/10\/GetAttachmentThumbnail-26-240x300.jpg 240w\" sizes=\"(max-width: 250px) 100vw, 250px\" \/><\/figure>\n\n\n\n<p><\/p>\n","protected":false},"excerpt":{"rendered":"<p>Halloween arribar\u00e0 de nou a Nules amb una programaci\u00f3 que es desenvolupar\u00e0 el pr\u00f2xim divendres 31 d\u2019octubre. Aix\u00ed, de nou s\u2019ha organitzat per als m\u00e9s joves el \u201cPassatge del Terror\u201d que es consolida amb r\u00e8cord de participaci\u00f3 i una ambientaci\u00f3 inspirada en SAW. El \u201cPassatge del Terror\u201d, que organitza la Regidoria de Joventut de l\u2019Ajuntament &#8230; <a title=\"Halloween arriba de nou a Nules amb el passatge del terror\" class=\"read-more\" href=\"https:\/\/elcafedepipa.com\/index.php\/2025\/10\/29\/halloween-arriba-de-nou-a-nules-amb-el-passatge-del-terror\/\" aria-label=\"M\u00e9s informaci\u00f3 sobre Halloween arriba de nou a Nules amb el passatge del terror\">Read more<\/a><\/p>\n","protected":false},"author":2,"featured_media":0,"comment_status":"open","ping_status":"open","sticky":false,"template":"","format":"standard","meta":{"om_disable_all_campaigns":false,"_monsterinsights_skip_tracking":false,"_monsterinsights_sitenote_active":false,"_monsterinsights_sitenote_note":"","_monsterinsights_sitenote_category":0,"_uf_show_specific_survey":0,"_uf_disable_surveys":false,"footnotes":""},"categories":[1],"tags":[],"class_list":["post-18471","post","type-post","status-publish","format-standard","hentry","category-non-classe"],"_links":{"self":[{"href":"https:\/\/elcafedepipa.com\/index.php\/wp-json\/wp\/v2\/posts\/18471","targetHints":{"allow":["GET"]}}],"collection":[{"href":"https:\/\/elcafedepipa.com\/index.php\/wp-json\/wp\/v2\/posts"}],"about":[{"href":"https:\/\/elcafedepipa.com\/index.php\/wp-json\/wp\/v2\/types\/post"}],"author":[{"embeddable":true,"href":"https:\/\/elcafedepipa.com\/index.php\/wp-json\/wp\/v2\/users\/2"}],"replies":[{"embeddable":true,"href":"https:\/\/elcafedepipa.com\/index.php\/wp-json\/wp\/v2\/comments?post=18471"}],"version-history":[{"count":1,"href":"https:\/\/elcafedepipa.com\/index.php\/wp-json\/wp\/v2\/posts\/18471\/revisions"}],"predecessor-version":[{"id":18474,"href":"https:\/\/elcafedepipa.com\/index.php\/wp-json\/wp\/v2\/posts\/18471\/revisions\/18474"}],"wp:attachment":[{"href":"https:\/\/elcafedepipa.com\/index.php\/wp-json\/wp\/v2\/media?parent=18471"}],"wp:term":[{"taxonomy":"category","embeddable":true,"href":"https:\/\/elcafedepipa.com\/index.php\/wp-json\/wp\/v2\/categories?post=18471"},{"taxonomy":"post_tag","embeddable":true,"href":"https:\/\/elcafedepipa.com\/index.php\/wp-json\/wp\/v2\/tags?post=18471"}],"curies":[{"name":"wp","href":"https:\/\/api.w.org\/{rel}","templated":true}]}}