{"id":18468,"date":"2025-10-29T18:29:09","date_gmt":"2025-10-29T17:29:09","guid":{"rendered":"https:\/\/elcafedepipa.com\/?p=18468"},"modified":"2025-10-29T18:29:11","modified_gmt":"2025-10-29T17:29:11","slug":"lajuntament-de-la-vall-duixo-demanara-a-la-generalitat-una-linia-dajudes-per-a-la-climatitzacio-dels-centres-educatius","status":"publish","type":"post","link":"https:\/\/elcafedepipa.com\/index.php\/2025\/10\/29\/lajuntament-de-la-vall-duixo-demanara-a-la-generalitat-una-linia-dajudes-per-a-la-climatitzacio-dels-centres-educatius\/","title":{"rendered":"L\u2019Ajuntament de la Vall d\u2019Uix\u00f3 demanar\u00e0 a la Generalitat una l\u00ednia d\u2019ajudes per a la climatitzaci\u00f3 dels centres educatius"},"content":{"rendered":"\n<p>El <strong>ple de l\u2019Ajuntament de la Vall d\u2019Uix\u00f3<\/strong> aprovar\u00e0 esta vesprada una <strong>moci\u00f3 presentada pels tres partits que formen l\u2019equip de govern<\/strong> (PSPV-PSOE, Comprom\u00eds i Esquerra Unida) per a instar la <strong>Generalitat Valenciana<\/strong> a crear una <strong>l\u00ednia d\u2019ajudes destinada a la climatitzaci\u00f3 dels centres educatius p\u00fablics<\/strong>.<\/p>\n\n\n\n<p>Segons ha explicat el <strong>regidor d\u2019Educaci\u00f3, Manel Agea<\/strong>, aquesta mesura permetria que els ajuntaments pogueren accedir a subvencions per <strong>instal\u00b7lar sistemes de climatitzaci\u00f3 i millorar el confort t\u00e8rmic<\/strong> en les aules. \u201cCreiem que \u00e9s la soluci\u00f3 adequada, perqu\u00e8 en altres comunitats com Castella-la Manxa ja s\u2019ha aplicat amb \u00e8xit, i ac\u00ed tamb\u00e9 pot funcionar\u201d, ha afirmat Agea.<\/p>\n\n\n\n<p>El regidor ha remarcat que des del consistori es mostra <strong>plena disposici\u00f3 a col\u00b7laborar amb la Generalitat<\/strong>, \u201ccom ja es fa amb el <strong>Pla Edificant<\/strong>\u201d. En aquest sentit, ha insistit que l\u2019Ajuntament \u201cno sols reivindica la creaci\u00f3 d\u2019aquesta l\u00ednia d\u2019ajudes, sin\u00f3 que tamb\u00e9 es posa a disposici\u00f3 del Consell per <strong>col\u00b7laborar entre administracions p\u00fabliques<\/strong> i millorar el benestar de l\u2019alumnat i dels equips docents\u201d.<\/p>\n\n\n\n<p>La iniciativa respon a una <strong>demanda creixent de les comunitats educatives<\/strong>, especialment davant l\u2019augment de les temperatures i la prolongaci\u00f3 dels per\u00edodes de calor. \u201cCada vegada patim m\u00e9s onades de calor i altes temperatures durant m\u00e9s mesos com a conseq\u00fc\u00e8ncia del canvi clim\u00e0tic, i \u00e9s necessari <strong>adaptar els espais educatius a les noves condicions clim\u00e0tiques<\/strong>\u201d, ha assenyalat Agea.<\/p>\n\n\n\n<p>Les mesures proposades inclourien la <strong>instal\u00b7laci\u00f3 d\u2019aires condicionats, ventiladors, tendals o zones d\u2019ombra exteriors<\/strong>, aix\u00ed com <strong>projectes de renaturalitzaci\u00f3 de patis escolars<\/strong>, entre altres actuacions per a fer dels centres educatius espais m\u00e9s <strong>sostenibles, saludables i adaptats<\/strong>.<\/p>\n\n\n\n<p>A la Vall d\u2019Uix\u00f3, <strong>tots els centres educatius s\u00f3n de titularitat p\u00fablica<\/strong> \u201412 col\u00b7legis, 3 instituts, l\u2019escola infantil municipal, el conservatori i la seu del CFPA i de l\u2019EOI\u2014, una realitat diferent a la d\u2019altres municipis.<\/p>\n\n\n\n<p>El regidor ha recordat que l\u2019Ajuntament <strong>assumeix cada any prop de 190.000 euros<\/strong> en manteniment dels centres educatius, dels quals \u201cuns <strong>70.000 euros corresponen a despeses que hauria d\u2019assumir la Generalitat Valenciana<\/strong>, que no compleix amb la seua part d\u2019inversions en infraestructures educatives\u201d.<\/p>\n\n\n\n<p>Agea ha defensat que \u201caquesta moci\u00f3 <strong>no \u00e9s una q\u00fcesti\u00f3 de colors pol\u00edtics<\/strong>, sin\u00f3 de <strong>sentit com\u00fa i benestar<\/strong> per a les persones que estudien a la Vall\u201d, i ha demanat als grups de l\u2019oposici\u00f3, <strong>PP i Vox<\/strong>, que donen suport a la proposta \u201cperqu\u00e8 va dirigida exclusivament a <strong>millorar les condicions de l\u2019alumnat i del professorat<\/strong>\u201d.<\/p>\n\n\n\n<p>Des de l\u2019equip de govern s\u2019ha destacat que \u201caquesta iniciativa <strong>reflecteix el comprom\u00eds de la Vall d\u2019Uix\u00f3 amb l\u2019educaci\u00f3 p\u00fablica, la millora de les infraestructures i la dignificaci\u00f3 dels espais<\/strong> on aprenen i treballen estudiants i docents\u201d.<\/p>\n","protected":false},"excerpt":{"rendered":"<p>El ple de l\u2019Ajuntament de la Vall d\u2019Uix\u00f3 aprovar\u00e0 esta vesprada una moci\u00f3 presentada pels tres partits que formen l\u2019equip de govern (PSPV-PSOE, Comprom\u00eds i Esquerra Unida) per a instar la Generalitat Valenciana a crear una l\u00ednia d\u2019ajudes destinada a la climatitzaci\u00f3 dels centres educatius p\u00fablics. Segons ha explicat el regidor d\u2019Educaci\u00f3, Manel Agea, aquesta &#8230; <a title=\"L\u2019Ajuntament de la Vall d\u2019Uix\u00f3 demanar\u00e0 a la Generalitat una l\u00ednia d\u2019ajudes per a la climatitzaci\u00f3 dels centres educatius\" class=\"read-more\" href=\"https:\/\/elcafedepipa.com\/index.php\/2025\/10\/29\/lajuntament-de-la-vall-duixo-demanara-a-la-generalitat-una-linia-dajudes-per-a-la-climatitzacio-dels-centres-educatius\/\" aria-label=\"M\u00e9s informaci\u00f3 sobre L\u2019Ajuntament de la Vall d\u2019Uix\u00f3 demanar\u00e0 a la Generalitat una l\u00ednia d\u2019ajudes per a la climatitzaci\u00f3 dels centres educatius\">Read more<\/a><\/p>\n","protected":false},"author":2,"featured_media":18469,"comment_status":"closed","ping_status":"closed","sticky":false,"template":"","format":"standard","meta":{"om_disable_all_campaigns":false,"_monsterinsights_skip_tracking":false,"_monsterinsights_sitenote_active":false,"_monsterinsights_sitenote_note":"","_monsterinsights_sitenote_category":0,"_uf_show_specific_survey":0,"_uf_disable_surveys":false,"footnotes":""},"categories":[2],"tags":[],"class_list":["post-18468","post","type-post","status-publish","format-standard","has-post-thumbnail","hentry","category-lavallduixo"],"_links":{"self":[{"href":"https:\/\/elcafedepipa.com\/index.php\/wp-json\/wp\/v2\/posts\/18468","targetHints":{"allow":["GET"]}}],"collection":[{"href":"https:\/\/elcafedepipa.com\/index.php\/wp-json\/wp\/v2\/posts"}],"about":[{"href":"https:\/\/elcafedepipa.com\/index.php\/wp-json\/wp\/v2\/types\/post"}],"author":[{"embeddable":true,"href":"https:\/\/elcafedepipa.com\/index.php\/wp-json\/wp\/v2\/users\/2"}],"replies":[{"embeddable":true,"href":"https:\/\/elcafedepipa.com\/index.php\/wp-json\/wp\/v2\/comments?post=18468"}],"version-history":[{"count":1,"href":"https:\/\/elcafedepipa.com\/index.php\/wp-json\/wp\/v2\/posts\/18468\/revisions"}],"predecessor-version":[{"id":18470,"href":"https:\/\/elcafedepipa.com\/index.php\/wp-json\/wp\/v2\/posts\/18468\/revisions\/18470"}],"wp:featuredmedia":[{"embeddable":true,"href":"https:\/\/elcafedepipa.com\/index.php\/wp-json\/wp\/v2\/media\/18469"}],"wp:attachment":[{"href":"https:\/\/elcafedepipa.com\/index.php\/wp-json\/wp\/v2\/media?parent=18468"}],"wp:term":[{"taxonomy":"category","embeddable":true,"href":"https:\/\/elcafedepipa.com\/index.php\/wp-json\/wp\/v2\/categories?post=18468"},{"taxonomy":"post_tag","embeddable":true,"href":"https:\/\/elcafedepipa.com\/index.php\/wp-json\/wp\/v2\/tags?post=18468"}],"curies":[{"name":"wp","href":"https:\/\/api.w.org\/{rel}","templated":true}]}}