{"id":18458,"date":"2025-10-29T14:22:43","date_gmt":"2025-10-29T13:22:43","guid":{"rendered":"https:\/\/elcafedepipa.com\/?p=18458"},"modified":"2025-10-29T14:22:44","modified_gmt":"2025-10-29T13:22:44","slug":"la-vall-duixo-guarda-cinc-minuts-de-silenci-en-memoria-de-les-victimes-de-la-dana","status":"publish","type":"post","link":"https:\/\/elcafedepipa.com\/index.php\/2025\/10\/29\/la-vall-duixo-guarda-cinc-minuts-de-silenci-en-memoria-de-les-victimes-de-la-dana\/","title":{"rendered":"La Vall d\u2019Uix\u00f3 guarda cinc minuts de silenci en mem\u00f2ria de les v\u00edctimes de la DANA"},"content":{"rendered":"\n<p>L\u2019Ajuntament de la Vall d\u2019Uix\u00f3 ha guardat aquest migdia cinc minuts de silenci en record de les v\u00edctimes de la DANA que va afectar greument la prov\u00edncia de Val\u00e8ncia el 29 d\u2019octubre de 2024, i que va causar 229 v\u00edctimes mortals.<\/p>\n\n\n\n<p>Amb aquest acte, celebrat a les portes del Palaud de Vivel, l&#8217;Ajuntament s\u2019ha adherit al dia de dol oficial declarat per la Generalitat Valenciana i a la proposta de la Federaci\u00f3 Valenciana de Municipis i Prov\u00edncies (FVMP) de fer concentracions al municipis.<\/p>\n\n\n\n<p>L\u2019Ajuntament ha expressat tamb\u00e9 el seu agra\u00efment als milers de voluntaris i volunt\u00e0ries, cossos i forces de seguretat, policies locals, Protecci\u00f3 Civil, brigades municipals, UME, serveis sanitaris i ONG, aix\u00ed com a totes les persones, associacions, entitats, col\u00b7lectius i persones a t\u00edtol personal que van col\u00b7laborar en aquells dies tan durs.<\/p>\n","protected":false},"excerpt":{"rendered":"<p>L\u2019Ajuntament de la Vall d\u2019Uix\u00f3 ha guardat aquest migdia cinc minuts de silenci en record de les v\u00edctimes de la DANA que va afectar greument la prov\u00edncia de Val\u00e8ncia el 29 d\u2019octubre de 2024, i que va causar 229 v\u00edctimes mortals. Amb aquest acte, celebrat a les portes del Palaud de Vivel, l&#8217;Ajuntament s\u2019ha adherit &#8230; <a title=\"La Vall d\u2019Uix\u00f3 guarda cinc minuts de silenci en mem\u00f2ria de les v\u00edctimes de la DANA\" class=\"read-more\" href=\"https:\/\/elcafedepipa.com\/index.php\/2025\/10\/29\/la-vall-duixo-guarda-cinc-minuts-de-silenci-en-memoria-de-les-victimes-de-la-dana\/\" aria-label=\"M\u00e9s informaci\u00f3 sobre La Vall d\u2019Uix\u00f3 guarda cinc minuts de silenci en mem\u00f2ria de les v\u00edctimes de la DANA\">Read more<\/a><\/p>\n","protected":false},"author":2,"featured_media":18462,"comment_status":"closed","ping_status":"closed","sticky":false,"template":"","format":"standard","meta":{"om_disable_all_campaigns":false,"_monsterinsights_skip_tracking":false,"_monsterinsights_sitenote_active":false,"_monsterinsights_sitenote_note":"","_monsterinsights_sitenote_category":0,"_uf_show_specific_survey":0,"_uf_disable_surveys":false,"footnotes":""},"categories":[2],"tags":[],"class_list":["post-18458","post","type-post","status-publish","format-standard","has-post-thumbnail","hentry","category-lavallduixo"],"_links":{"self":[{"href":"https:\/\/elcafedepipa.com\/index.php\/wp-json\/wp\/v2\/posts\/18458","targetHints":{"allow":["GET"]}}],"collection":[{"href":"https:\/\/elcafedepipa.com\/index.php\/wp-json\/wp\/v2\/posts"}],"about":[{"href":"https:\/\/elcafedepipa.com\/index.php\/wp-json\/wp\/v2\/types\/post"}],"author":[{"embeddable":true,"href":"https:\/\/elcafedepipa.com\/index.php\/wp-json\/wp\/v2\/users\/2"}],"replies":[{"embeddable":true,"href":"https:\/\/elcafedepipa.com\/index.php\/wp-json\/wp\/v2\/comments?post=18458"}],"version-history":[{"count":1,"href":"https:\/\/elcafedepipa.com\/index.php\/wp-json\/wp\/v2\/posts\/18458\/revisions"}],"predecessor-version":[{"id":18463,"href":"https:\/\/elcafedepipa.com\/index.php\/wp-json\/wp\/v2\/posts\/18458\/revisions\/18463"}],"wp:featuredmedia":[{"embeddable":true,"href":"https:\/\/elcafedepipa.com\/index.php\/wp-json\/wp\/v2\/media\/18462"}],"wp:attachment":[{"href":"https:\/\/elcafedepipa.com\/index.php\/wp-json\/wp\/v2\/media?parent=18458"}],"wp:term":[{"taxonomy":"category","embeddable":true,"href":"https:\/\/elcafedepipa.com\/index.php\/wp-json\/wp\/v2\/categories?post=18458"},{"taxonomy":"post_tag","embeddable":true,"href":"https:\/\/elcafedepipa.com\/index.php\/wp-json\/wp\/v2\/tags?post=18458"}],"curies":[{"name":"wp","href":"https:\/\/api.w.org\/{rel}","templated":true}]}}