{"id":18454,"date":"2025-10-29T13:51:37","date_gmt":"2025-10-29T12:51:37","guid":{"rendered":"https:\/\/elcafedepipa.com\/?p=18454"},"modified":"2025-10-29T13:51:38","modified_gmt":"2025-10-29T12:51:38","slug":"almenara-guarda-cinc-minuts-de-silenci-en-memoria-de-les-victimes-de-la-dana-del-29-doctubre-de-2024","status":"publish","type":"post","link":"https:\/\/elcafedepipa.com\/index.php\/2025\/10\/29\/almenara-guarda-cinc-minuts-de-silenci-en-memoria-de-les-victimes-de-la-dana-del-29-doctubre-de-2024\/","title":{"rendered":"Almenara guarda cinc minuts de silenci en mem\u00f2ria de les v\u00edctimes de la DANA del 29 d\u2019octubre de 2024"},"content":{"rendered":"\n<p>Aquest migdia a Almenara s&#8217;han guardat cinc minuts de silenci en mem\u00f2ria de les v\u00edctimes de la DANA que va afectar greument la Comunitat Valenciana el passat 29 d&#8217;octubre de 2024, causant 229 v\u00edctimes mortals.<\/p>\n\n\n\n<p>Amb aquest acte, convocat des del consistori, l&#8217;Ajuntament d&#8217;Almenara, s&#8217;ha adherit a la proposta de la Federaci\u00f3 Valenciana de Municipis i Prov\u00edncies (FVMP) i al dia de dol oficial declarat per la Generalitat Valenciana, durant el qual les banderes onegen a mitja asta en senyal de dol.<\/p>\n\n\n\n<p>Durant l&#8217;homenatge, en el qual han participat ve\u00efnes i ve\u00efns de la localitat, s&#8217;ha volgut rendir un sentit record a totes les persones que van perdre la vida a causa d&#8217;aquell episodi.<\/p>\n\n\n\n<p>Aix\u00ed mateix, l&#8217;Ajuntament d&#8217;Almenara, ha volgut expressar el seu agra\u00efment als milers de voluntaris i volunt\u00e0ries que van col\u00b7laborar durant aquelles jornades, amb pres\u00e8ncia de ve\u00efns i ve\u00efnes d&#8217;Almenara, aix\u00ed com als cossos i forces de seguretat de l&#8217;Estat, Policies Locals (va participar la d&#8217;Almenara), Protecci\u00f3 Civil (tamb\u00e9 amb pres\u00e8ncia de la d&#8217;Almenara), brigades municipals (on tamb\u00e9 va estar la d&#8217;Almenara), l&#8217;UME, els serveis sanitaris, les ONG i a totes les persones, associacions, col\u00b7lectius o entitats que van col\u00b7laborar.<\/p>\n\n\n\n<p>A m\u00e9s tamb\u00e9 s&#8217;ha agra\u00eft a totes les persones que van donar aliments, roba i productes de primera necessitat per a les fam\u00edlies afectades. En aquest sentit, cal recordar que a Almenara tamb\u00e9 es va organitzar una recollida solid\u00e0ria de material i aliments, que va comptar amb una destacada participaci\u00f3 ciutadana, demostrant una vegada m\u00e9s l&#8217;esperit solidari del municipi.<\/p>\n","protected":false},"excerpt":{"rendered":"<p>Aquest migdia a Almenara s&#8217;han guardat cinc minuts de silenci en mem\u00f2ria de les v\u00edctimes de la DANA que va afectar greument la Comunitat Valenciana el passat 29 d&#8217;octubre de 2024, causant 229 v\u00edctimes mortals. Amb aquest acte, convocat des del consistori, l&#8217;Ajuntament d&#8217;Almenara, s&#8217;ha adherit a la proposta de la Federaci\u00f3 Valenciana de Municipis &#8230; <a title=\"Almenara guarda cinc minuts de silenci en mem\u00f2ria de les v\u00edctimes de la DANA del 29 d\u2019octubre de 2024\" class=\"read-more\" href=\"https:\/\/elcafedepipa.com\/index.php\/2025\/10\/29\/almenara-guarda-cinc-minuts-de-silenci-en-memoria-de-les-victimes-de-la-dana-del-29-doctubre-de-2024\/\" aria-label=\"M\u00e9s informaci\u00f3 sobre Almenara guarda cinc minuts de silenci en mem\u00f2ria de les v\u00edctimes de la DANA del 29 d\u2019octubre de 2024\">Read more<\/a><\/p>\n","protected":false},"author":2,"featured_media":18455,"comment_status":"closed","ping_status":"closed","sticky":false,"template":"","format":"standard","meta":{"om_disable_all_campaigns":false,"_monsterinsights_skip_tracking":false,"_monsterinsights_sitenote_active":false,"_monsterinsights_sitenote_note":"","_monsterinsights_sitenote_category":0,"_uf_show_specific_survey":0,"_uf_disable_surveys":false,"footnotes":""},"categories":[5],"tags":[],"class_list":["post-18454","post","type-post","status-publish","format-standard","has-post-thumbnail","hentry","category-almenara"],"_links":{"self":[{"href":"https:\/\/elcafedepipa.com\/index.php\/wp-json\/wp\/v2\/posts\/18454","targetHints":{"allow":["GET"]}}],"collection":[{"href":"https:\/\/elcafedepipa.com\/index.php\/wp-json\/wp\/v2\/posts"}],"about":[{"href":"https:\/\/elcafedepipa.com\/index.php\/wp-json\/wp\/v2\/types\/post"}],"author":[{"embeddable":true,"href":"https:\/\/elcafedepipa.com\/index.php\/wp-json\/wp\/v2\/users\/2"}],"replies":[{"embeddable":true,"href":"https:\/\/elcafedepipa.com\/index.php\/wp-json\/wp\/v2\/comments?post=18454"}],"version-history":[{"count":2,"href":"https:\/\/elcafedepipa.com\/index.php\/wp-json\/wp\/v2\/posts\/18454\/revisions"}],"predecessor-version":[{"id":18457,"href":"https:\/\/elcafedepipa.com\/index.php\/wp-json\/wp\/v2\/posts\/18454\/revisions\/18457"}],"wp:featuredmedia":[{"embeddable":true,"href":"https:\/\/elcafedepipa.com\/index.php\/wp-json\/wp\/v2\/media\/18455"}],"wp:attachment":[{"href":"https:\/\/elcafedepipa.com\/index.php\/wp-json\/wp\/v2\/media?parent=18454"}],"wp:term":[{"taxonomy":"category","embeddable":true,"href":"https:\/\/elcafedepipa.com\/index.php\/wp-json\/wp\/v2\/categories?post=18454"},{"taxonomy":"post_tag","embeddable":true,"href":"https:\/\/elcafedepipa.com\/index.php\/wp-json\/wp\/v2\/tags?post=18454"}],"curies":[{"name":"wp","href":"https:\/\/api.w.org\/{rel}","templated":true}]}}