{"id":18451,"date":"2025-10-29T13:26:37","date_gmt":"2025-10-29T12:26:37","guid":{"rendered":"https:\/\/elcafedepipa.com\/?p=18451"},"modified":"2025-10-29T13:26:38","modified_gmt":"2025-10-29T12:26:38","slug":"la-diputacio-de-castello-aposta-per-la-seguretat-en-el-camp-amb-la-concessio-dajudes-destinades-a-15-municipis-per-a-la-contractacio-de-guardes-rurals","status":"publish","type":"post","link":"https:\/\/elcafedepipa.com\/index.php\/2025\/10\/29\/la-diputacio-de-castello-aposta-per-la-seguretat-en-el-camp-amb-la-concessio-dajudes-destinades-a-15-municipis-per-a-la-contractacio-de-guardes-rurals\/","title":{"rendered":"La Diputaci\u00f3 de Castell\u00f3 aposta per la seguretat en el camp amb la concessi\u00f3 d&#8217;ajudes destinades a 15 municipis per a la contractaci\u00f3 de guardes rurals"},"content":{"rendered":"\n<p>La Diputaci\u00f3 Provincial de Castell\u00f3 aposta per la seguretat en el camp amb la concessi\u00f3 d&#8217;ajudes destinades a 15 municipis per a la contractaci\u00f3 de guardes rurals.<\/p>\n\n\n\n<p>La Junta de Govern celebrada esta setmana ha aprovat la concessi\u00f3 de subvencions a 15 municipis de menys de 5.000 habitants per a la contractaci\u00f3 del servei de vigil\u00e0ncia i control enfront de furts de cultius.<\/p>\n\n\n\n<p>\u201cL&#8217;agricultura \u00e9s tradici\u00f3 i pilar econ\u00f2mic per a la nostra prov\u00edncia, i esta l\u00ednia d&#8217;ajudes \u00e9s un exemple que en la Diputaci\u00f3 de Castell\u00f3 treballem per preservar el nostre sector primari i protegir el nostre camp\u201d, ha assenyalat la presidenta de la instituci\u00f3 provincial, Marta Barrachina.<\/p>\n\n\n\n<p>Estes ajudes permetran als municipis beneficiaris comptar amb el servei de guardes rurals, \u201cuna ferramenta de gran ajuda per a evitar robatoris i actes vand\u00e0lics en les explotacions agr\u00edcoles de la nostra terra\u201d, ha expressat la presidenta provincial, qui ha posat de manifest el comprom\u00eds de l&#8217;equip de Govern Provincial amb el sector agr\u00edcola, \u201cun pilar essencial de la nostra economia i del medi rural\u201d.<\/p>\n\n\n\n<p>Este servei de guardes rurals, implantat per la Diputaci\u00f3 de Castell\u00f3 en 2024, amb l&#8217;objectiu de garantir la seguretat en el camp, ha demostrat, fins al moment, que \u00e9s una ferramenta fonamental per a protegir el camp de Castell\u00f3, una prov\u00edncia amb una superf\u00edcie agr\u00edcola molt important.<\/p>\n\n\n\n<p>Ac\u00ed l&#8217;aposta de la instituci\u00f3 provincial per incrementar el pressupost un 50% i augmentar el nombre de poblacions, ja que en 2024 nom\u00e9s es van poder beneficiar d&#8217;estes ajudes els municipis de menys de 3.000 habitants.<\/p>\n\n\n\n<p>\u201cHem de protegir els agricultors que viuen i es desviuen per garantir el millor producte de la nostra terra. I per a aix\u00f2, \u00e9s fonamental refor\u00e7ar la seguretat en el camp, especialment, en aquells municipis m\u00e9s xicotets, que s\u00f3n els que menys recursos tenen\u201d, ha destacat Marta Barrachina.<\/p>\n\n\n\n<p>Per a la dirigent provincial, \u201cestes ajudes s\u00f3n un reflex del comprom\u00eds per estar al costat dels ajuntaments de la nostra prov\u00edncia i refor\u00e7ar les nostres ajudes amb la finalitat de protegir les explotacions agr\u00edcoles de la nostra terra i garantir la tranquil\u00b7litat dels qui treballen en el medi rural\u201d.<\/p>\n\n\n\n<p>\u201cCada euro invertit en el medi rural \u00e9s una inversi\u00f3 en futur, en ocupaci\u00f3 i en manteniment de la vida dels nostres pobles\u201d, ha subratllat la presidenta de la Diputaci\u00f3 de Castell\u00f3, de la mateixa manera que ha insistit dient que \u201camb estes ajudes volem garantir que cap municipi quede sense la protecci\u00f3 que mereix\u201d.<\/p>\n\n\n\n<p>Aix\u00ed, els municipis beneficiaris d&#8217;este servei de vigil\u00e0ncia s\u00f3n Traiguera, San Rafael del R\u00edo, Sant Jordi, Canet lo Roig, La Jana, Rossell, C\u00e0lig, Vall d&#8217;Alba, Xilxes, La Llosa, Benlloc, Sant Mateu, Les Useres, La Salzadella i Les Coves de Vinrom\u00e0. Tots estos municipis podran refor\u00e7ar la vigil\u00e0ncia rural i garantir seguretat a totes les persones que sostenen el territori amb el seu treball diari en el camp.<\/p>\n\n\n\n<p>Ressaltar que, a m\u00e9s de la protecci\u00f3 del camp, esta l\u00ednia d&#8217;ajudes fomenta l&#8217;ocupaci\u00f3 i contribu\u00efx, de la mateixa manera, al desenvolupament rural i a fixar poblaci\u00f3 en els municipis m\u00e9s xicotets.<\/p>\n","protected":false},"excerpt":{"rendered":"<p>La Diputaci\u00f3 Provincial de Castell\u00f3 aposta per la seguretat en el camp amb la concessi\u00f3 d&#8217;ajudes destinades a 15 municipis per a la contractaci\u00f3 de guardes rurals. La Junta de Govern celebrada esta setmana ha aprovat la concessi\u00f3 de subvencions a 15 municipis de menys de 5.000 habitants per a la contractaci\u00f3 del servei de &#8230; <a title=\"La Diputaci\u00f3 de Castell\u00f3 aposta per la seguretat en el camp amb la concessi\u00f3 d&#8217;ajudes destinades a 15 municipis per a la contractaci\u00f3 de guardes rurals\" class=\"read-more\" href=\"https:\/\/elcafedepipa.com\/index.php\/2025\/10\/29\/la-diputacio-de-castello-aposta-per-la-seguretat-en-el-camp-amb-la-concessio-dajudes-destinades-a-15-municipis-per-a-la-contractacio-de-guardes-rurals\/\" aria-label=\"M\u00e9s informaci\u00f3 sobre La Diputaci\u00f3 de Castell\u00f3 aposta per la seguretat en el camp amb la concessi\u00f3 d&#8217;ajudes destinades a 15 municipis per a la contractaci\u00f3 de guardes rurals\">Read more<\/a><\/p>\n","protected":false},"author":2,"featured_media":18452,"comment_status":"closed","ping_status":"closed","sticky":false,"template":"","format":"standard","meta":{"om_disable_all_campaigns":false,"_monsterinsights_skip_tracking":false,"_monsterinsights_sitenote_active":false,"_monsterinsights_sitenote_note":"","_monsterinsights_sitenote_category":0,"_uf_show_specific_survey":0,"_uf_disable_surveys":false,"footnotes":""},"categories":[11],"tags":[],"class_list":["post-18451","post","type-post","status-publish","format-standard","has-post-thumbnail","hentry","category-comunitatvalenciana"],"_links":{"self":[{"href":"https:\/\/elcafedepipa.com\/index.php\/wp-json\/wp\/v2\/posts\/18451","targetHints":{"allow":["GET"]}}],"collection":[{"href":"https:\/\/elcafedepipa.com\/index.php\/wp-json\/wp\/v2\/posts"}],"about":[{"href":"https:\/\/elcafedepipa.com\/index.php\/wp-json\/wp\/v2\/types\/post"}],"author":[{"embeddable":true,"href":"https:\/\/elcafedepipa.com\/index.php\/wp-json\/wp\/v2\/users\/2"}],"replies":[{"embeddable":true,"href":"https:\/\/elcafedepipa.com\/index.php\/wp-json\/wp\/v2\/comments?post=18451"}],"version-history":[{"count":1,"href":"https:\/\/elcafedepipa.com\/index.php\/wp-json\/wp\/v2\/posts\/18451\/revisions"}],"predecessor-version":[{"id":18453,"href":"https:\/\/elcafedepipa.com\/index.php\/wp-json\/wp\/v2\/posts\/18451\/revisions\/18453"}],"wp:featuredmedia":[{"embeddable":true,"href":"https:\/\/elcafedepipa.com\/index.php\/wp-json\/wp\/v2\/media\/18452"}],"wp:attachment":[{"href":"https:\/\/elcafedepipa.com\/index.php\/wp-json\/wp\/v2\/media?parent=18451"}],"wp:term":[{"taxonomy":"category","embeddable":true,"href":"https:\/\/elcafedepipa.com\/index.php\/wp-json\/wp\/v2\/categories?post=18451"},{"taxonomy":"post_tag","embeddable":true,"href":"https:\/\/elcafedepipa.com\/index.php\/wp-json\/wp\/v2\/tags?post=18451"}],"curies":[{"name":"wp","href":"https:\/\/api.w.org\/{rel}","templated":true}]}}