{"id":18448,"date":"2025-10-29T13:23:30","date_gmt":"2025-10-29T12:23:30","guid":{"rendered":"https:\/\/elcafedepipa.com\/?p=18448"},"modified":"2025-10-29T13:23:31","modified_gmt":"2025-10-29T12:23:31","slug":"la-unio-esportiva-vall-duixo-lamenta-profundament-els-tristos-fets-ocorreguts-despres-de-la-finalitzacio-del-partit-del-passat-diumenge-davant-lhercules-cf-b","status":"publish","type":"post","link":"https:\/\/elcafedepipa.com\/index.php\/2025\/10\/29\/la-unio-esportiva-vall-duixo-lamenta-profundament-els-tristos-fets-ocorreguts-despres-de-la-finalitzacio-del-partit-del-passat-diumenge-davant-lhercules-cf-b\/","title":{"rendered":"La Uni\u00f3 Esportiva Vall d\u2019Uix\u00f3 lamenta profundament els tristos fets ocorreguts despr\u00e9s de la finalitzaci\u00f3 del partit del passat diumenge davant l\u2019H\u00e9rcules CF \u201cB\u201d."},"content":{"rendered":"\n<p>Aquests fets van ser provocats per un <strong>grup molt redu\u00eft d\u2019aficionats<\/strong> que en cap cas representen la nostra gran massa social.<\/p>\n\n\n\n<p>La <strong>UDE<\/strong> rebutja en\u00e8rgicament <strong>qualsevol acte inc\u00edvic<\/strong>, siga del tipus que siga, i reitera de manera ferma i clara el seu <strong>comprom\u00eds amb els valors del respecte, l\u2019esport i la conviv\u00e8ncia<\/strong>, que ens han caracteritzat al llarg dels <strong>103 anys d\u2019hist\u00f2ria<\/strong> del club.<\/p>\n\n\n\n<p>El club posar\u00e0 <strong>tots els mitjans humans i materials al seu abast<\/strong> perqu\u00e8 fets com els viscuts el passat diumenge <strong>no tornen a produir-se mai m\u00e9s<\/strong> al nostre estadi.<\/p>\n\n\n\n<p>El <strong>Jutge Disciplinari \u00danic de Tercera Federaci\u00f3, Grup VI<\/strong>, en la seua reuni\u00f3 del <strong>28 d\u2019octubre de 2025<\/strong>, ha determinat la <strong>clausura de l\u2019Estadi Municipal d\u2019Esports \u201cJos\u00e9 Mangri\u00f1\u00e1n Diago\u201d per un partit<\/strong>.<\/p>\n\n\n\n<p>&#8220;Acatem amb el m\u00e0xim respecte la sanci\u00f3 imposada i <strong>reiterem el nostre comprom\u00eds amb els valors del respecte, l\u2019esport i la conviv\u00e8ncia<\/strong>.&#8221;<\/p>\n\n\n\n<p><\/p>\n","protected":false},"excerpt":{"rendered":"<p>Aquests fets van ser provocats per un grup molt redu\u00eft d\u2019aficionats que en cap cas representen la nostra gran massa social. La UDE rebutja en\u00e8rgicament qualsevol acte inc\u00edvic, siga del tipus que siga, i reitera de manera ferma i clara el seu comprom\u00eds amb els valors del respecte, l\u2019esport i la conviv\u00e8ncia, que ens han &#8230; <a title=\"La Uni\u00f3 Esportiva Vall d\u2019Uix\u00f3 lamenta profundament els tristos fets ocorreguts despr\u00e9s de la finalitzaci\u00f3 del partit del passat diumenge davant l\u2019H\u00e9rcules CF \u201cB\u201d.\" class=\"read-more\" href=\"https:\/\/elcafedepipa.com\/index.php\/2025\/10\/29\/la-unio-esportiva-vall-duixo-lamenta-profundament-els-tristos-fets-ocorreguts-despres-de-la-finalitzacio-del-partit-del-passat-diumenge-davant-lhercules-cf-b\/\" aria-label=\"M\u00e9s informaci\u00f3 sobre La Uni\u00f3 Esportiva Vall d\u2019Uix\u00f3 lamenta profundament els tristos fets ocorreguts despr\u00e9s de la finalitzaci\u00f3 del partit del passat diumenge davant l\u2019H\u00e9rcules CF \u201cB\u201d.\">Read more<\/a><\/p>\n","protected":false},"author":2,"featured_media":18449,"comment_status":"open","ping_status":"open","sticky":false,"template":"","format":"standard","meta":{"om_disable_all_campaigns":false,"_monsterinsights_skip_tracking":false,"_monsterinsights_sitenote_active":false,"_monsterinsights_sitenote_note":"","_monsterinsights_sitenote_category":0,"_uf_show_specific_survey":0,"_uf_disable_surveys":false,"footnotes":""},"categories":[1],"tags":[],"class_list":["post-18448","post","type-post","status-publish","format-standard","has-post-thumbnail","hentry","category-non-classe"],"_links":{"self":[{"href":"https:\/\/elcafedepipa.com\/index.php\/wp-json\/wp\/v2\/posts\/18448","targetHints":{"allow":["GET"]}}],"collection":[{"href":"https:\/\/elcafedepipa.com\/index.php\/wp-json\/wp\/v2\/posts"}],"about":[{"href":"https:\/\/elcafedepipa.com\/index.php\/wp-json\/wp\/v2\/types\/post"}],"author":[{"embeddable":true,"href":"https:\/\/elcafedepipa.com\/index.php\/wp-json\/wp\/v2\/users\/2"}],"replies":[{"embeddable":true,"href":"https:\/\/elcafedepipa.com\/index.php\/wp-json\/wp\/v2\/comments?post=18448"}],"version-history":[{"count":1,"href":"https:\/\/elcafedepipa.com\/index.php\/wp-json\/wp\/v2\/posts\/18448\/revisions"}],"predecessor-version":[{"id":18450,"href":"https:\/\/elcafedepipa.com\/index.php\/wp-json\/wp\/v2\/posts\/18448\/revisions\/18450"}],"wp:featuredmedia":[{"embeddable":true,"href":"https:\/\/elcafedepipa.com\/index.php\/wp-json\/wp\/v2\/media\/18449"}],"wp:attachment":[{"href":"https:\/\/elcafedepipa.com\/index.php\/wp-json\/wp\/v2\/media?parent=18448"}],"wp:term":[{"taxonomy":"category","embeddable":true,"href":"https:\/\/elcafedepipa.com\/index.php\/wp-json\/wp\/v2\/categories?post=18448"},{"taxonomy":"post_tag","embeddable":true,"href":"https:\/\/elcafedepipa.com\/index.php\/wp-json\/wp\/v2\/tags?post=18448"}],"curies":[{"name":"wp","href":"https:\/\/api.w.org\/{rel}","templated":true}]}}