{"id":18445,"date":"2025-10-29T13:19:42","date_gmt":"2025-10-29T12:19:42","guid":{"rendered":"https:\/\/elcafedepipa.com\/?p=18445"},"modified":"2025-10-29T13:19:44","modified_gmt":"2025-10-29T12:19:44","slug":"lajuntament-dalmenara-inicia-la-neteja-i-millora-dels-camins-rurals-del-terme-municipal","status":"publish","type":"post","link":"https:\/\/elcafedepipa.com\/index.php\/2025\/10\/29\/lajuntament-dalmenara-inicia-la-neteja-i-millora-dels-camins-rurals-del-terme-municipal\/","title":{"rendered":"L\u2019Ajuntament d\u2019Almenara inicia la neteja i millora dels camins rurals del terme municipal"},"content":{"rendered":"\n<p>L&#8217;Ajuntament d&#8217;Almenara ha posat en marxa els treballs de neteja i desbrossament dels marges dels camins rurals de tot el terme municipal. Aquestes labors s&#8217;estan realitzant amb maquin\u00e0ria especialitzada i formen part del pla de manteniment i millora de les vies rurals del municipi.<\/p>\n\n\n\n<p>En aquesta primera fase, que acaba de comen\u00e7ar i es prolongar\u00e0 durant els pr\u00f2xims dies, els treballs se centren en la part Alta del terme municipal. Ja s&#8217;ha actuat en camins com Rodana, Alfara, Ferreret, Pista, Sogorb o el Cam\u00ed Moll\u00f3, entre altres. Les tasques continuaran fins a completar la totalitat de les vies d&#8217;aquesta zona.<\/p>\n\n\n\n<p>Una vegada finalitzada aquesta primera etapa, s&#8217;iniciar\u00e0 la segona fase, que abastar\u00e0 la neteja, desbrossament i millora de tots els camins rurals de la part Baixa del terme municipal.<\/p>\n\n\n\n<p>El regidor d&#8217;Agricultura, Borja Forner, ha destacat que \u201camb aquesta actuaci\u00f3 continuem amb la neteja i desbrossament dels camins rurals d&#8217;Almenara, amb la finalitat de mantindre els marges en bon estat, evitant incendis, plagues i altres problemes, a m\u00e9s de facilitar el pas de vehicles, especialment ara que comen\u00e7a la temporada citr\u00edcola\u201d.<\/p>\n\n\n\n<p>Forner ha subratllat aix\u00ed mateix que \u201cno ens detindrem ac\u00ed, continuarem treballant per a mantindre i millorar les diferents vies rurals de tot el terme municipal\u201d.<\/p>\n","protected":false},"excerpt":{"rendered":"<p>L&#8217;Ajuntament d&#8217;Almenara ha posat en marxa els treballs de neteja i desbrossament dels marges dels camins rurals de tot el terme municipal. Aquestes labors s&#8217;estan realitzant amb maquin\u00e0ria especialitzada i formen part del pla de manteniment i millora de les vies rurals del municipi. En aquesta primera fase, que acaba de comen\u00e7ar i es prolongar\u00e0 &#8230; <a title=\"L\u2019Ajuntament d\u2019Almenara inicia la neteja i millora dels camins rurals del terme municipal\" class=\"read-more\" href=\"https:\/\/elcafedepipa.com\/index.php\/2025\/10\/29\/lajuntament-dalmenara-inicia-la-neteja-i-millora-dels-camins-rurals-del-terme-municipal\/\" aria-label=\"M\u00e9s informaci\u00f3 sobre L\u2019Ajuntament d\u2019Almenara inicia la neteja i millora dels camins rurals del terme municipal\">Read more<\/a><\/p>\n","protected":false},"author":2,"featured_media":18446,"comment_status":"closed","ping_status":"closed","sticky":false,"template":"","format":"standard","meta":{"om_disable_all_campaigns":false,"_monsterinsights_skip_tracking":false,"_monsterinsights_sitenote_active":false,"_monsterinsights_sitenote_note":"","_monsterinsights_sitenote_category":0,"_uf_show_specific_survey":0,"_uf_disable_surveys":false,"footnotes":""},"categories":[5],"tags":[],"class_list":["post-18445","post","type-post","status-publish","format-standard","has-post-thumbnail","hentry","category-almenara"],"_links":{"self":[{"href":"https:\/\/elcafedepipa.com\/index.php\/wp-json\/wp\/v2\/posts\/18445","targetHints":{"allow":["GET"]}}],"collection":[{"href":"https:\/\/elcafedepipa.com\/index.php\/wp-json\/wp\/v2\/posts"}],"about":[{"href":"https:\/\/elcafedepipa.com\/index.php\/wp-json\/wp\/v2\/types\/post"}],"author":[{"embeddable":true,"href":"https:\/\/elcafedepipa.com\/index.php\/wp-json\/wp\/v2\/users\/2"}],"replies":[{"embeddable":true,"href":"https:\/\/elcafedepipa.com\/index.php\/wp-json\/wp\/v2\/comments?post=18445"}],"version-history":[{"count":1,"href":"https:\/\/elcafedepipa.com\/index.php\/wp-json\/wp\/v2\/posts\/18445\/revisions"}],"predecessor-version":[{"id":18447,"href":"https:\/\/elcafedepipa.com\/index.php\/wp-json\/wp\/v2\/posts\/18445\/revisions\/18447"}],"wp:featuredmedia":[{"embeddable":true,"href":"https:\/\/elcafedepipa.com\/index.php\/wp-json\/wp\/v2\/media\/18446"}],"wp:attachment":[{"href":"https:\/\/elcafedepipa.com\/index.php\/wp-json\/wp\/v2\/media?parent=18445"}],"wp:term":[{"taxonomy":"category","embeddable":true,"href":"https:\/\/elcafedepipa.com\/index.php\/wp-json\/wp\/v2\/categories?post=18445"},{"taxonomy":"post_tag","embeddable":true,"href":"https:\/\/elcafedepipa.com\/index.php\/wp-json\/wp\/v2\/tags?post=18445"}],"curies":[{"name":"wp","href":"https:\/\/api.w.org\/{rel}","templated":true}]}}