{"id":18442,"date":"2025-10-29T11:30:14","date_gmt":"2025-10-29T10:30:14","guid":{"rendered":"https:\/\/elcafedepipa.com\/?p=18442"},"modified":"2025-10-29T11:30:15","modified_gmt":"2025-10-29T10:30:15","slug":"una-enquesta-de-la-unio-revela-que-mes-del-80-dels-productors-de-caqui-veu-necessari-mes-materies-actives-per-a-lluitar-contra-les-plagues","status":"publish","type":"post","link":"https:\/\/elcafedepipa.com\/index.php\/2025\/10\/29\/una-enquesta-de-la-unio-revela-que-mes-del-80-dels-productors-de-caqui-veu-necessari-mes-materies-actives-per-a-lluitar-contra-les-plagues\/","title":{"rendered":"Una enquesta de LA UNI\u00d3 revela que m\u00e9s del 80% dels productors de caqui veu necessari m\u00e9s mat\u00e8ries actives per a lluitar contra les plagues"},"content":{"rendered":"\n<p>Una enquesta de LA UNI\u00d3 sobre els reptes i solucions per al cultiu del caqui revela que m\u00e9s del 80% de les persones enquestades consideren insuficients o ineficaces les mat\u00e8ries actives disponibles per a lluitar contra les plagues actuals, la qual cosa dificulta enormement el control fitosanitari i genera p\u00e8rdues importants de producci\u00f3 per als llauradors.<\/p>\n\n\n\n<p>En aquesta enquesta han participat m\u00e9s de 200 productors de caqui de la Comunitat Valenciana. Els seus resultats mostren una situaci\u00f3 preocupant per al sector, marcada per la forta incid\u00e8ncia de plagues com el cotonet i la mosca blanca, la insufici\u00e8ncia de mat\u00e8ries actives autoritzades per al seu control i la baixa pres\u00e8ncia de fauna \u00fatil en els camps per a la lluita biol\u00f2gica. Segons les dades arreplegades, el cotonet \u00e9s la plaga m\u00e9s destructiva i m\u00e9s del 60% dels productors assenyalen que pateixen incid\u00e8ncies greus.<\/p>\n\n\n\n<p>\u201cEns trobem davant una situaci\u00f3 l\u00edmit. Els productors no poden suportar tants minvaments de caqui a conseq\u00fc\u00e8ncia de l&#8217;afecci\u00f3 de plagues, no poden fer front a plagues tan agressives amb tan poques eines autoritzades i efectives. Necessitem que les administracions actuen amb urg\u00e8ncia per a autoritzar nous productes, impulsar la investigaci\u00f3 i m\u00e9s suport t\u00e8cnic i econ\u00f2mic per al sector\u201d, afirma Carles Peris, secretari general de LA UNI\u00d3.<\/p>\n\n\n\n<p>La manca de productes autoritzats afecta a tots, per\u00f2 especialment als productors ecol\u00f2gics, que manifesten sentir-se desemparats. Segons l&#8217;enquesta, molts d&#8217;ells es plantegen abandonar el cultiu ecol\u00f2gic davant la manca d&#8217;alternatives viables i la baixa cobertura asseguradora, que \u201cno compensa ni des de lluny el valor de mercat del producte\u201d.<\/p>\n\n\n\n<p>Peris subratlla tamb\u00e9 la necessitat d&#8217;un pla espec\u00edfic de suport al cultiu del caqui, un dels cultius amb major pes econ\u00f2mic en zones com la Ribera i altres comarques valencianes. \u201cEl caqui ha sigut un motor econ\u00f2mic i social per a moltes fam\u00edlies. Per\u00f2 si no hi ha una resposta pol\u00edtica immediata a trav\u00e9s de m\u00e9s investigaci\u00f3, flexibilitat normativa i ajudes concretes, correm el risc de perdre una part essencial del nostre teixit agrari\u201d, indica el secretari general de LA UNI\u00d3.<\/p>\n\n\n\n<p>Altres conclusions destacades de l&#8217;enquesta apunten a la baixa pres\u00e8ncia de fauna \u00fatil per a la lluita biol\u00f2gica. En aquest sentit, LA UNI\u00d3 demana l\u00ednies d&#8217;ajudes perqu\u00e8 els productors puguen fer soltes massives, una estrat\u00e8gia d&#8217;insectaris p\u00fablics de cria i m\u00e9s soltes que oferisquen una major garantia de control per a baixar les poblacions.<\/p>\n\n\n\n<p>Tamb\u00e9 insisteixen les persones enquestades en la creixent incid\u00e8ncia de la fauna salvatge -especialment senglars i conills, i en l&#8217;impacte negatiu del canvi clim\u00e0tic i les altes temperatures en la producci\u00f3. Malgrat tot, els productors mantenen una visi\u00f3 constructiva i proposen campanyes per a conscienciar el consumidor sobre la qualitat dels caquis amb xicotetes imperfeccions est\u00e8tiques, aix\u00ed com m\u00e9s formaci\u00f3 t\u00e8cnica en reg, fertilitzaci\u00f3 i control integrat de plagues.<\/p>\n\n\n\n<p>\u201cEl sector est\u00e0 fent els deures, buscant alternatives sostenibles i adaptant-se a les noves exig\u00e8ncies ambientals. Per\u00f2 sense suport institucional i una actualitzaci\u00f3 urgent del registre de productes fitosanitaris, el futur del caqui est\u00e0 en perill\u201d, conclou Peris.<\/p>\n\n\n\n<p>LA UNI\u00d3 traslladar\u00e0 a les administracions una s\u00e8rie de propostes concretes derivades de l&#8217;enquesta, entre les quals destaquen l&#8217;autoritzaci\u00f3 de noves mat\u00e8ries actives espec\u00edfiques i segures per al control del cotonet i altres plagues emergents, aix\u00ed com l&#8217;impuls a les ajudes per a la investigaci\u00f3 i per a la lluita biol\u00f2gica. Tamb\u00e9 proposar\u00e0 l&#8217;organitzaci\u00f3 la diferenciaci\u00f3 en les assegurances agr\u00e0ries entre producci\u00f3 convencional i ecol\u00f2gica, la posada en marxa de campanyes de sensibilitzaci\u00f3 al consumidor sobre la qualitat del caqui i el seu valor alimentari, i la formaci\u00f3 t\u00e8cnica i suport a la innovaci\u00f3 en les explotacions.<\/p>\n","protected":false},"excerpt":{"rendered":"<p>Una enquesta de LA UNI\u00d3 sobre els reptes i solucions per al cultiu del caqui revela que m\u00e9s del 80% de les persones enquestades consideren insuficients o ineficaces les mat\u00e8ries actives disponibles per a lluitar contra les plagues actuals, la qual cosa dificulta enormement el control fitosanitari i genera p\u00e8rdues importants de producci\u00f3 per als &#8230; <a title=\"Una enquesta de LA UNI\u00d3 revela que m\u00e9s del 80% dels productors de caqui veu necessari m\u00e9s mat\u00e8ries actives per a lluitar contra les plagues\" class=\"read-more\" href=\"https:\/\/elcafedepipa.com\/index.php\/2025\/10\/29\/una-enquesta-de-la-unio-revela-que-mes-del-80-dels-productors-de-caqui-veu-necessari-mes-materies-actives-per-a-lluitar-contra-les-plagues\/\" aria-label=\"M\u00e9s informaci\u00f3 sobre Una enquesta de LA UNI\u00d3 revela que m\u00e9s del 80% dels productors de caqui veu necessari m\u00e9s mat\u00e8ries actives per a lluitar contra les plagues\">Read more<\/a><\/p>\n","protected":false},"author":2,"featured_media":18443,"comment_status":"closed","ping_status":"closed","sticky":false,"template":"","format":"standard","meta":{"om_disable_all_campaigns":false,"_monsterinsights_skip_tracking":false,"_monsterinsights_sitenote_active":false,"_monsterinsights_sitenote_note":"","_monsterinsights_sitenote_category":0,"_uf_show_specific_survey":0,"_uf_disable_surveys":false,"footnotes":""},"categories":[11],"tags":[],"class_list":["post-18442","post","type-post","status-publish","format-standard","has-post-thumbnail","hentry","category-comunitatvalenciana"],"_links":{"self":[{"href":"https:\/\/elcafedepipa.com\/index.php\/wp-json\/wp\/v2\/posts\/18442","targetHints":{"allow":["GET"]}}],"collection":[{"href":"https:\/\/elcafedepipa.com\/index.php\/wp-json\/wp\/v2\/posts"}],"about":[{"href":"https:\/\/elcafedepipa.com\/index.php\/wp-json\/wp\/v2\/types\/post"}],"author":[{"embeddable":true,"href":"https:\/\/elcafedepipa.com\/index.php\/wp-json\/wp\/v2\/users\/2"}],"replies":[{"embeddable":true,"href":"https:\/\/elcafedepipa.com\/index.php\/wp-json\/wp\/v2\/comments?post=18442"}],"version-history":[{"count":1,"href":"https:\/\/elcafedepipa.com\/index.php\/wp-json\/wp\/v2\/posts\/18442\/revisions"}],"predecessor-version":[{"id":18444,"href":"https:\/\/elcafedepipa.com\/index.php\/wp-json\/wp\/v2\/posts\/18442\/revisions\/18444"}],"wp:featuredmedia":[{"embeddable":true,"href":"https:\/\/elcafedepipa.com\/index.php\/wp-json\/wp\/v2\/media\/18443"}],"wp:attachment":[{"href":"https:\/\/elcafedepipa.com\/index.php\/wp-json\/wp\/v2\/media?parent=18442"}],"wp:term":[{"taxonomy":"category","embeddable":true,"href":"https:\/\/elcafedepipa.com\/index.php\/wp-json\/wp\/v2\/categories?post=18442"},{"taxonomy":"post_tag","embeddable":true,"href":"https:\/\/elcafedepipa.com\/index.php\/wp-json\/wp\/v2\/tags?post=18442"}],"curies":[{"name":"wp","href":"https:\/\/api.w.org\/{rel}","templated":true}]}}