{"id":18430,"date":"2025-10-29T10:00:04","date_gmt":"2025-10-29T09:00:04","guid":{"rendered":"https:\/\/elcafedepipa.com\/?p=18430"},"modified":"2025-10-29T10:00:05","modified_gmt":"2025-10-29T09:00:05","slug":"dos-persones-detingudes-i-dues-investigades-per-tres-delictes-diferents-comesos-a-peniscola","status":"publish","type":"post","link":"https:\/\/elcafedepipa.com\/index.php\/2025\/10\/29\/dos-persones-detingudes-i-dues-investigades-per-tres-delictes-diferents-comesos-a-peniscola\/","title":{"rendered":"Dos persones detingudes i dues investigades per tres delictes diferents comesos a Pen\u00edscola"},"content":{"rendered":"\n<p>La <strong>Gu\u00e0rdia Civil de Pen\u00edscola<\/strong> ha detingut dues persones com a presumptes autores de <strong>dos delictes de robatori amb for\u00e7a<\/strong>, un d\u2019ells en grau de temptativa, i ha investigat altres dues per un <strong>delicte de furt en un supermercat<\/strong>.<\/p>\n\n\n\n<h4 class=\"wp-block-heading\">Tres actuacions policials en una setmana<\/h4>\n\n\n\n<p>El passat <strong>16 d\u2019octubre<\/strong>, els agents van tindre coneixement que un home havia accedit a un domicili particular despr\u00e9s d\u2019escalar el tancat perimetral i fracturar la porta d\u2019entrada. El propietari va denunciar la sostracci\u00f3 de diners en efectiu i diversos objectes personals.<\/p>\n\n\n\n<p>Despr\u00e9s de la investigaci\u00f3, la Gu\u00e0rdia Civil va identificar i localitzar el presumpte autor, <strong>un home de 48 anys<\/strong>, que va ser detingut i a qui se li imputa un <strong>delicte de robatori amb for\u00e7a<\/strong>.<\/p>\n\n\n\n<p>L\u2019endem\u00e0, <strong>17 d\u2019octubre<\/strong>, els agents van detindre un altre home, de <strong>64 anys<\/strong>, despr\u00e9s d\u2019intentar cometre un robatori en l\u2019interior d\u2019un altre habitatge. Gr\u00e0cies al sistema d\u2019alarma instal\u00b7lat i a la r\u00e0pida intervenci\u00f3 policial, el delicte no va arribar a consumar-se.<\/p>\n\n\n\n<p>Finalment, el <strong>20 d\u2019octubre<\/strong>, la Gu\u00e0rdia Civil de Pen\u00edscola va identificar <strong>dues dones<\/strong> com a presumptes autores d\u2019un <strong>furt en un establiment alimentari<\/strong>. Les sospitoses es van aprofitar d\u2019un moment de distracci\u00f3 dels empleats per sostraure diversos productes. Una d\u2019elles ha sigut <strong>investigada<\/strong>, mentre que la segona <strong>es troba actualment complint condemna a pres\u00f3<\/strong> per altres delictes, motiu pel qual els agents han informat l\u2019autoritat judicial.<\/p>\n\n\n\n<p>Les <strong>dilig\u00e8ncies instru\u00efdes<\/strong> han sigut remeses als <strong>Jutjats de Vinar\u00f2s<\/strong>.<\/p>\n\n\n\n<h4 class=\"wp-block-heading\">Den\u00fancia telem\u00e0tica<\/h4>\n\n\n\n<p>La Gu\u00e0rdia Civil recorda que la ciutadania pot <strong>presentar den\u00fancies telem\u00e0ticament<\/strong> per diversos procediments penals \u2014com estafes inform\u00e0tiques, danys, furts o sostraccions de vehicles\u2014, aix\u00ed com per tr\u00e0mits administratius com la p\u00e8rdua o extraviament de documentaci\u00f3.<\/p>\n\n\n\n<p>Les den\u00fancies es poden presentar a trav\u00e9s de la <strong>Seu Electr\u00f2nica<\/strong> <a href=\"https:\/\/guardiacivil.sede.gob.es\">https:\/\/guardiacivil.sede.gob.es<\/a> o la web <strong><a href=\"http:\/\/www.guardiacivil.es\">www.guardiacivil.es<\/a><\/strong>, aix\u00ed com de manera presencial o mitjan\u00e7ant l\u2019<strong>app Cita Pr\u00e8via AGE<\/strong>, disponible per a sistemes <strong>Android<\/strong> i <strong>iOS<\/strong>.<\/p>\n","protected":false},"excerpt":{"rendered":"<p>La Gu\u00e0rdia Civil de Pen\u00edscola ha detingut dues persones com a presumptes autores de dos delictes de robatori amb for\u00e7a, un d\u2019ells en grau de temptativa, i ha investigat altres dues per un delicte de furt en un supermercat. Tres actuacions policials en una setmana El passat 16 d\u2019octubre, els agents van tindre coneixement que &#8230; <a title=\"Dos persones detingudes i dues investigades per tres delictes diferents comesos a Pen\u00edscola\" class=\"read-more\" href=\"https:\/\/elcafedepipa.com\/index.php\/2025\/10\/29\/dos-persones-detingudes-i-dues-investigades-per-tres-delictes-diferents-comesos-a-peniscola\/\" aria-label=\"M\u00e9s informaci\u00f3 sobre Dos persones detingudes i dues investigades per tres delictes diferents comesos a Pen\u00edscola\">Read more<\/a><\/p>\n","protected":false},"author":2,"featured_media":18431,"comment_status":"closed","ping_status":"closed","sticky":false,"template":"","format":"standard","meta":{"om_disable_all_campaigns":false,"_monsterinsights_skip_tracking":false,"_monsterinsights_sitenote_active":false,"_monsterinsights_sitenote_note":"","_monsterinsights_sitenote_category":0,"_uf_show_specific_survey":0,"_uf_disable_surveys":false,"footnotes":""},"categories":[10],"tags":[],"class_list":["post-18430","post","type-post","status-publish","format-standard","has-post-thumbnail","hentry","category-provinciadecastello"],"_links":{"self":[{"href":"https:\/\/elcafedepipa.com\/index.php\/wp-json\/wp\/v2\/posts\/18430","targetHints":{"allow":["GET"]}}],"collection":[{"href":"https:\/\/elcafedepipa.com\/index.php\/wp-json\/wp\/v2\/posts"}],"about":[{"href":"https:\/\/elcafedepipa.com\/index.php\/wp-json\/wp\/v2\/types\/post"}],"author":[{"embeddable":true,"href":"https:\/\/elcafedepipa.com\/index.php\/wp-json\/wp\/v2\/users\/2"}],"replies":[{"embeddable":true,"href":"https:\/\/elcafedepipa.com\/index.php\/wp-json\/wp\/v2\/comments?post=18430"}],"version-history":[{"count":1,"href":"https:\/\/elcafedepipa.com\/index.php\/wp-json\/wp\/v2\/posts\/18430\/revisions"}],"predecessor-version":[{"id":18432,"href":"https:\/\/elcafedepipa.com\/index.php\/wp-json\/wp\/v2\/posts\/18430\/revisions\/18432"}],"wp:featuredmedia":[{"embeddable":true,"href":"https:\/\/elcafedepipa.com\/index.php\/wp-json\/wp\/v2\/media\/18431"}],"wp:attachment":[{"href":"https:\/\/elcafedepipa.com\/index.php\/wp-json\/wp\/v2\/media?parent=18430"}],"wp:term":[{"taxonomy":"category","embeddable":true,"href":"https:\/\/elcafedepipa.com\/index.php\/wp-json\/wp\/v2\/categories?post=18430"},{"taxonomy":"post_tag","embeddable":true,"href":"https:\/\/elcafedepipa.com\/index.php\/wp-json\/wp\/v2\/tags?post=18430"}],"curies":[{"name":"wp","href":"https:\/\/api.w.org\/{rel}","templated":true}]}}