{"id":18426,"date":"2025-10-29T09:56:43","date_gmt":"2025-10-29T08:56:43","guid":{"rendered":"https:\/\/elcafedepipa.com\/?p=18426"},"modified":"2025-10-29T09:56:44","modified_gmt":"2025-10-29T08:56:44","slug":"el-pp-proposa-millorar-la-senyalitzacio-de-lavinguda-corazon-de-jesus-i-planteja-incorporar-una-parada-dautobus-escolar-per-a-reforcar-la-seguretat","status":"publish","type":"post","link":"https:\/\/elcafedepipa.com\/index.php\/2025\/10\/29\/el-pp-proposa-millorar-la-senyalitzacio-de-lavinguda-corazon-de-jesus-i-planteja-incorporar-una-parada-dautobus-escolar-per-a-reforcar-la-seguretat\/","title":{"rendered":"El PP proposa millorar la senyalitzaci\u00f3 de l&#8217;avinguda Coraz\u00f3n de Jes\u00fas i planteja incorporar una parada d&#8217;autob\u00fas escolar per a refor\u00e7ar la seguretat"},"content":{"rendered":"\n<p>El Partit Popular de la Vall d&#8217;Uix\u00f3 ha presentat una iniciativa per al seu debat en el pr\u00f2xim ple que pret\u00e9n \u201catendre les queixes dels nostres ciutadans amb solucions eficaces que sumen seguretat a l&#8217;avinguda Coraz\u00f3n de Jes\u00fas\u201d.<\/p>\n\n\n\n<p>Es tracta d&#8217;una de les principals art\u00e8ries de la localitat. \u201cAmb molt de tr\u00e0nsit i tamb\u00e9 amb molta pres\u00e8ncia per als vianants, ja que a m\u00e9s de comercial \u00e9s residencial\u201d, exposa el regidor. \u201cEl problema arriba quan hi ha senyalitzaci\u00f3, tant vertical com horitzontal, que est\u00e0 obsoleta. I aix\u00f2 porta a la confusi\u00f3\u201d.<\/p>\n\n\n\n<p>El PP proposar una inspecci\u00f3 integral de la via i l&#8217;eliminaci\u00f3 de tots aquells panells informatius o de senyalitzaci\u00f3 vi\u00e0ria inoperatius. \u201cEvitarem errors que puguen acabar derivant en un accident\u201d, ha manifestat el regidor.<\/p>\n\n\n\n<p>D&#8217;altra banda, la proposta arreplega tamb\u00e9 la demanda d&#8217;usuaris d&#8217;autobusos que, sense tindre parada habilitada, realitzen recollida i desc\u00e0rrega d&#8217;escolars en el tra\u00e7at. \u201c\u00c9s un risc per als usuaris que s&#8217;hauria de corregir habilitant una plataforma elevada que refor\u00e7ara la seua seguretat i garantira als autobusos un servici en \u00f2ptimes condicions. Guanyar\u00edem tots\u201d, ha considerat l&#8217;edil.<\/p>\n\n\n\n<p>En este sentit Serra planteja \u201cels beneficis de la proposta\u201d i confia \u201cen la unanimitat de la corporaci\u00f3 perqu\u00e8 l&#8217;objectiu \u00e9s evitar riscos, corregir defici\u00e8ncies i millorar les condicions del tr\u00e0nsit rodat i dels vianants\u201d. \u201cLa nostra m\u00e0 tendida i plena col\u00b7laboraci\u00f3 perqu\u00e8 la Vall isca guanyant\u201d, ha concl\u00f2s el portaveu del PP.<\/p>\n","protected":false},"excerpt":{"rendered":"<p>El Partit Popular de la Vall d&#8217;Uix\u00f3 ha presentat una iniciativa per al seu debat en el pr\u00f2xim ple que pret\u00e9n \u201catendre les queixes dels nostres ciutadans amb solucions eficaces que sumen seguretat a l&#8217;avinguda Coraz\u00f3n de Jes\u00fas\u201d. Es tracta d&#8217;una de les principals art\u00e8ries de la localitat. \u201cAmb molt de tr\u00e0nsit i tamb\u00e9 amb &#8230; <a title=\"El PP proposa millorar la senyalitzaci\u00f3 de l&#8217;avinguda Coraz\u00f3n de Jes\u00fas i planteja incorporar una parada d&#8217;autob\u00fas escolar per a refor\u00e7ar la seguretat\" class=\"read-more\" href=\"https:\/\/elcafedepipa.com\/index.php\/2025\/10\/29\/el-pp-proposa-millorar-la-senyalitzacio-de-lavinguda-corazon-de-jesus-i-planteja-incorporar-una-parada-dautobus-escolar-per-a-reforcar-la-seguretat\/\" aria-label=\"M\u00e9s informaci\u00f3 sobre El PP proposa millorar la senyalitzaci\u00f3 de l&#8217;avinguda Coraz\u00f3n de Jes\u00fas i planteja incorporar una parada d&#8217;autob\u00fas escolar per a refor\u00e7ar la seguretat\">Read more<\/a><\/p>\n","protected":false},"author":2,"featured_media":18428,"comment_status":"closed","ping_status":"closed","sticky":false,"template":"","format":"standard","meta":{"om_disable_all_campaigns":false,"_monsterinsights_skip_tracking":false,"_monsterinsights_sitenote_active":false,"_monsterinsights_sitenote_note":"","_monsterinsights_sitenote_category":0,"_uf_show_specific_survey":0,"_uf_disable_surveys":false,"footnotes":""},"categories":[2],"tags":[],"class_list":["post-18426","post","type-post","status-publish","format-standard","has-post-thumbnail","hentry","category-lavallduixo"],"_links":{"self":[{"href":"https:\/\/elcafedepipa.com\/index.php\/wp-json\/wp\/v2\/posts\/18426","targetHints":{"allow":["GET"]}}],"collection":[{"href":"https:\/\/elcafedepipa.com\/index.php\/wp-json\/wp\/v2\/posts"}],"about":[{"href":"https:\/\/elcafedepipa.com\/index.php\/wp-json\/wp\/v2\/types\/post"}],"author":[{"embeddable":true,"href":"https:\/\/elcafedepipa.com\/index.php\/wp-json\/wp\/v2\/users\/2"}],"replies":[{"embeddable":true,"href":"https:\/\/elcafedepipa.com\/index.php\/wp-json\/wp\/v2\/comments?post=18426"}],"version-history":[{"count":1,"href":"https:\/\/elcafedepipa.com\/index.php\/wp-json\/wp\/v2\/posts\/18426\/revisions"}],"predecessor-version":[{"id":18429,"href":"https:\/\/elcafedepipa.com\/index.php\/wp-json\/wp\/v2\/posts\/18426\/revisions\/18429"}],"wp:featuredmedia":[{"embeddable":true,"href":"https:\/\/elcafedepipa.com\/index.php\/wp-json\/wp\/v2\/media\/18428"}],"wp:attachment":[{"href":"https:\/\/elcafedepipa.com\/index.php\/wp-json\/wp\/v2\/media?parent=18426"}],"wp:term":[{"taxonomy":"category","embeddable":true,"href":"https:\/\/elcafedepipa.com\/index.php\/wp-json\/wp\/v2\/categories?post=18426"},{"taxonomy":"post_tag","embeddable":true,"href":"https:\/\/elcafedepipa.com\/index.php\/wp-json\/wp\/v2\/tags?post=18426"}],"curies":[{"name":"wp","href":"https:\/\/api.w.org\/{rel}","templated":true}]}}