{"id":18422,"date":"2025-10-29T09:14:17","date_gmt":"2025-10-29T08:14:17","guid":{"rendered":"https:\/\/elcafedepipa.com\/?p=18422"},"modified":"2025-10-29T09:29:22","modified_gmt":"2025-10-29T08:29:22","slug":"moncofa-condiciona-el-cementeri-i-activa-el-servei-dautobus-amb-motiu-de-tots-sants","status":"publish","type":"post","link":"https:\/\/elcafedepipa.com\/index.php\/2025\/10\/29\/moncofa-condiciona-el-cementeri-i-activa-el-servei-dautobus-amb-motiu-de-tots-sants\/","title":{"rendered":"Moncofa condiciona el cementeri i activa el servei d\u2019autob\u00fas amb motiu de Tots Sants"},"content":{"rendered":"\n<p>Davant la immin\u00e8ncia de la celebraci\u00f3 de Tots Sants, l&#8217;Ajuntament de Moncofa ha implementat un pla especial de condicionament del cementeri, amb l&#8217;objectiu de garantir unes instal\u00b7lacions en \u00f2ptimes condicions. A m\u00e9s, es facilitar\u00e0 l&#8217;acc\u00e9s dels ve\u00efns i les ve\u00efnes al cementeri municipal, amb una l\u00ednia espec\u00edfica d&#8217;autob\u00fas i la remodelaci\u00f3 de la zona d&#8217;aparcament.<\/p>\n\n\n\n<p>\u201cHem dut a terme una neteja general, la millora d&#8217;accessos i el condicionament de la via per vianants que arriba fins al recinte, aix\u00ed com l&#8217;adequaci\u00f3 de l&#8217;aparcament. Cada any fem aquestes tasques perqu\u00e8 els ve\u00efns i ve\u00efnes de Moncofa puguen accedir i aparcar amb comoditat i seguretat durant uns dies en qu\u00e8 l&#8217;aflu\u00e8ncia \u00e9s especialment alta\u201d, recorda el regidor de Via P\u00fablica i Serveis P\u00fablics, Luis \u00c1ngel. Els treballs han incl\u00f2s tamb\u00e9 pintar diferents punts del cementeri i millorar el jard\u00ed del recinte, per part de les brigades municipals.<\/p>\n\n\n\n<p>Quant al servei d&#8217;autob\u00fas, que ser\u00e0 gratu\u00eft, circular\u00e0 els dies 31 d&#8217;octubre i 1 de novembre, amb primeres eixides des de les 10.00 hores fins a les 18.41 hores. Les parades estaran perfectament condicionades i identificades amb marquesines i s&#8217;han modificat lleugerament per a adaptar-se a la celebraci\u00f3 del mercat dels dissabtes, que es mant\u00e9 malgrat ser festiu. El recorregut inclour\u00e0 parades en el cementeri, Pescadors, Generalitat, Cam\u00ed de la Vall, Ambulatori, Escorxador, c\/ Serretelles (edifici La Barca), av. Mare Nostrum i Ermita.<\/p>\n\n\n\n<p>\u201cVolem que totes les persones de Moncofa, independentment de les seues condicions, puguen acostar-se a aquest espai amb facilitat i tranquil\u00b7litat en un dia especialment significatiu, en el qual honrem la mem\u00f2ria dels nostres sers estimats. Per aix\u00f2 reforcem cada any tant el condicionament del cementeri i aparcament com el transport col\u00b7lectiu per a facilitar la visita\u201d, conclou el regidor. Amb aquest objectiu, aquests dies el cementeri mant\u00e9 un horari ininterromput de 8.00 a 20.00 hores.<\/p>\n\n\n\n<p><\/p>\n","protected":false},"excerpt":{"rendered":"<p>Davant la immin\u00e8ncia de la celebraci\u00f3 de Tots Sants, l&#8217;Ajuntament de Moncofa ha implementat un pla especial de condicionament del cementeri, amb l&#8217;objectiu de garantir unes instal\u00b7lacions en \u00f2ptimes condicions. A m\u00e9s, es facilitar\u00e0 l&#8217;acc\u00e9s dels ve\u00efns i les ve\u00efnes al cementeri municipal, amb una l\u00ednia espec\u00edfica d&#8217;autob\u00fas i la remodelaci\u00f3 de la zona d&#8217;aparcament. &#8230; <a title=\"Moncofa condiciona el cementeri i activa el servei d\u2019autob\u00fas amb motiu de Tots Sants\" class=\"read-more\" href=\"https:\/\/elcafedepipa.com\/index.php\/2025\/10\/29\/moncofa-condiciona-el-cementeri-i-activa-el-servei-dautobus-amb-motiu-de-tots-sants\/\" aria-label=\"M\u00e9s informaci\u00f3 sobre Moncofa condiciona el cementeri i activa el servei d\u2019autob\u00fas amb motiu de Tots Sants\">Read more<\/a><\/p>\n","protected":false},"author":2,"featured_media":18423,"comment_status":"closed","ping_status":"closed","sticky":false,"template":"","format":"standard","meta":{"om_disable_all_campaigns":false,"_monsterinsights_skip_tracking":false,"_monsterinsights_sitenote_active":false,"_monsterinsights_sitenote_note":"","_monsterinsights_sitenote_category":0,"_uf_show_specific_survey":0,"_uf_disable_surveys":false,"footnotes":""},"categories":[4],"tags":[],"class_list":["post-18422","post","type-post","status-publish","format-standard","has-post-thumbnail","hentry","category-moncofa"],"_links":{"self":[{"href":"https:\/\/elcafedepipa.com\/index.php\/wp-json\/wp\/v2\/posts\/18422","targetHints":{"allow":["GET"]}}],"collection":[{"href":"https:\/\/elcafedepipa.com\/index.php\/wp-json\/wp\/v2\/posts"}],"about":[{"href":"https:\/\/elcafedepipa.com\/index.php\/wp-json\/wp\/v2\/types\/post"}],"author":[{"embeddable":true,"href":"https:\/\/elcafedepipa.com\/index.php\/wp-json\/wp\/v2\/users\/2"}],"replies":[{"embeddable":true,"href":"https:\/\/elcafedepipa.com\/index.php\/wp-json\/wp\/v2\/comments?post=18422"}],"version-history":[{"count":2,"href":"https:\/\/elcafedepipa.com\/index.php\/wp-json\/wp\/v2\/posts\/18422\/revisions"}],"predecessor-version":[{"id":18425,"href":"https:\/\/elcafedepipa.com\/index.php\/wp-json\/wp\/v2\/posts\/18422\/revisions\/18425"}],"wp:featuredmedia":[{"embeddable":true,"href":"https:\/\/elcafedepipa.com\/index.php\/wp-json\/wp\/v2\/media\/18423"}],"wp:attachment":[{"href":"https:\/\/elcafedepipa.com\/index.php\/wp-json\/wp\/v2\/media?parent=18422"}],"wp:term":[{"taxonomy":"category","embeddable":true,"href":"https:\/\/elcafedepipa.com\/index.php\/wp-json\/wp\/v2\/categories?post=18422"},{"taxonomy":"post_tag","embeddable":true,"href":"https:\/\/elcafedepipa.com\/index.php\/wp-json\/wp\/v2\/tags?post=18422"}],"curies":[{"name":"wp","href":"https:\/\/api.w.org\/{rel}","templated":true}]}}