{"id":18418,"date":"2025-10-29T09:11:13","date_gmt":"2025-10-29T08:11:13","guid":{"rendered":"https:\/\/elcafedepipa.com\/?p=18418"},"modified":"2025-10-29T09:12:57","modified_gmt":"2025-10-29T08:12:57","slug":"lajuntament-de-la-vall-duixo-sollicita-a-la-chj-la-neteja-i-adequacio-del-riu-belcaire","status":"publish","type":"post","link":"https:\/\/elcafedepipa.com\/index.php\/2025\/10\/29\/lajuntament-de-la-vall-duixo-sollicita-a-la-chj-la-neteja-i-adequacio-del-riu-belcaire\/","title":{"rendered":"L\u2019Ajuntament de la Vall d\u2019Uix\u00f3 sol\u00b7licita a la CHJ la neteja i adequaci\u00f3 del riu Belcaire"},"content":{"rendered":"\n<p>L\u2019Ajuntament de la Vall d\u2019Uix\u00f3 ha acollit este mat\u00ed una reuni\u00f3 de treball entre l\u2019alcaldessa, <strong>Tania Ba\u00f1os<\/strong>; el president de la <strong>Confederaci\u00f3 Hidrogr\u00e0fica del X\u00faquer (CHJ)<\/strong>, <strong>Miguel Polo<\/strong>; t\u00e8cnics de l\u2019organisme i la subdelegada del Govern a Castell\u00f3, <strong>Antonia Garc\u00eda<\/strong>. Posteriorment, la delegaci\u00f3 ha visitat el <strong>riu Belcaire<\/strong> al seu pas pel <strong>Paratge de Sant Josep<\/strong>.<\/p>\n\n\n\n<p>L\u2019alcaldessa ha agra\u00eft \u201cla predisposici\u00f3 i la sensibilitat del president de la CHJ per mantindre esta trobada i escoltar les necessitats del nostre municipi, que compta amb un riu que travessa el nucli urb\u00e0 i amb nombrosos barrancs dins del seu terme municipal\u201d.<\/p>\n\n\n\n<p>Durant la reuni\u00f3, la primera edil ha traslladat la <strong>necessitat de netejar i adequar el llit del riu Belcaire<\/strong>, especialment al seu pas pel nucli urb\u00e0 i pel tram del <strong>Paratge de Sant Josep<\/strong>, una zona de gran valor tur\u00edstic que rep milers de visitants cada any. \u201c\u00c9s fonamental cuidar el nostre entorn natural, garantir la seguretat i oferir una bona imatge a totes les persones que ens visiten\u201d, ha afirmat Ba\u00f1os.<\/p>\n\n\n\n<p>L\u2019alcaldessa ha mostrat la seua confian\u00e7a que esta petici\u00f3 ser\u00e0 atesa per la CHJ, \u201cigual que sempre ha mostrat una gran predisposici\u00f3 per a col\u00b7laborar amb la Vall d\u2019Uix\u00f3\u201d. En este sentit, ha recordat \u201cla rapidesa amb qu\u00e8 s\u2019han tramitat els permisos per a iniciar les obres del parc aqu\u00e0tic o, en el seu moment, les del pont de connexi\u00f3 entre els pol\u00edgons industrials, que ja \u00e9s una realitat\u201d.<\/p>\n\n\n\n<p>Ba\u00f1os ha destacat que la CHJ \u201c\u00e9s un organisme molt gran, dependent del Govern d\u2019Espanya, amb processos administratius a vegades complexos perqu\u00e8 la llei \u00e9s molt estricta, per\u00f2 sempre hem trobat en el seu president una gran sensibilitat i voluntat de col\u00b7laboraci\u00f3 amb la Vall\u201d.<\/p>\n\n\n\n<p>Finalment, ha expressat el seu desig que \u201cesta bona sintonia continue per a poder dur a terme la <strong>neteja i adequaci\u00f3 del riu Belcaire<\/strong>, que \u00e9s una necessitat per al nostre municipi\u201d.<\/p>\n","protected":false},"excerpt":{"rendered":"<p>L\u2019Ajuntament de la Vall d\u2019Uix\u00f3 ha acollit este mat\u00ed una reuni\u00f3 de treball entre l\u2019alcaldessa, Tania Ba\u00f1os; el president de la Confederaci\u00f3 Hidrogr\u00e0fica del X\u00faquer (CHJ), Miguel Polo; t\u00e8cnics de l\u2019organisme i la subdelegada del Govern a Castell\u00f3, Antonia Garc\u00eda. Posteriorment, la delegaci\u00f3 ha visitat el riu Belcaire al seu pas pel Paratge de Sant &#8230; <a title=\"L\u2019Ajuntament de la Vall d\u2019Uix\u00f3 sol\u00b7licita a la CHJ la neteja i adequaci\u00f3 del riu Belcaire\" class=\"read-more\" href=\"https:\/\/elcafedepipa.com\/index.php\/2025\/10\/29\/lajuntament-de-la-vall-duixo-sollicita-a-la-chj-la-neteja-i-adequacio-del-riu-belcaire\/\" aria-label=\"M\u00e9s informaci\u00f3 sobre L\u2019Ajuntament de la Vall d\u2019Uix\u00f3 sol\u00b7licita a la CHJ la neteja i adequaci\u00f3 del riu Belcaire\">Read more<\/a><\/p>\n","protected":false},"author":2,"featured_media":18421,"comment_status":"closed","ping_status":"closed","sticky":false,"template":"","format":"standard","meta":{"om_disable_all_campaigns":false,"_monsterinsights_skip_tracking":false,"_monsterinsights_sitenote_active":false,"_monsterinsights_sitenote_note":"","_monsterinsights_sitenote_category":0,"_uf_show_specific_survey":0,"_uf_disable_surveys":false,"footnotes":""},"categories":[2],"tags":[],"class_list":["post-18418","post","type-post","status-publish","format-standard","has-post-thumbnail","hentry","category-lavallduixo"],"_links":{"self":[{"href":"https:\/\/elcafedepipa.com\/index.php\/wp-json\/wp\/v2\/posts\/18418","targetHints":{"allow":["GET"]}}],"collection":[{"href":"https:\/\/elcafedepipa.com\/index.php\/wp-json\/wp\/v2\/posts"}],"about":[{"href":"https:\/\/elcafedepipa.com\/index.php\/wp-json\/wp\/v2\/types\/post"}],"author":[{"embeddable":true,"href":"https:\/\/elcafedepipa.com\/index.php\/wp-json\/wp\/v2\/users\/2"}],"replies":[{"embeddable":true,"href":"https:\/\/elcafedepipa.com\/index.php\/wp-json\/wp\/v2\/comments?post=18418"}],"version-history":[{"count":1,"href":"https:\/\/elcafedepipa.com\/index.php\/wp-json\/wp\/v2\/posts\/18418\/revisions"}],"predecessor-version":[{"id":18420,"href":"https:\/\/elcafedepipa.com\/index.php\/wp-json\/wp\/v2\/posts\/18418\/revisions\/18420"}],"wp:featuredmedia":[{"embeddable":true,"href":"https:\/\/elcafedepipa.com\/index.php\/wp-json\/wp\/v2\/media\/18421"}],"wp:attachment":[{"href":"https:\/\/elcafedepipa.com\/index.php\/wp-json\/wp\/v2\/media?parent=18418"}],"wp:term":[{"taxonomy":"category","embeddable":true,"href":"https:\/\/elcafedepipa.com\/index.php\/wp-json\/wp\/v2\/categories?post=18418"},{"taxonomy":"post_tag","embeddable":true,"href":"https:\/\/elcafedepipa.com\/index.php\/wp-json\/wp\/v2\/tags?post=18418"}],"curies":[{"name":"wp","href":"https:\/\/api.w.org\/{rel}","templated":true}]}}