{"id":18415,"date":"2025-10-29T09:07:42","date_gmt":"2025-10-29T08:07:42","guid":{"rendered":"https:\/\/elcafedepipa.com\/?p=18415"},"modified":"2025-10-29T09:07:43","modified_gmt":"2025-10-29T08:07:43","slug":"sincorpora-la-unitat-canina-de-proteccio-civil-a-la-recerca-de-lhome-desaparegut-a-la-vall-duixo","status":"publish","type":"post","link":"https:\/\/elcafedepipa.com\/index.php\/2025\/10\/29\/sincorpora-la-unitat-canina-de-proteccio-civil-a-la-recerca-de-lhome-desaparegut-a-la-vall-duixo\/","title":{"rendered":"S\u2019incorpora la unitat canina de Protecci\u00f3 Civil a la recerca de l\u2019home desaparegut a la Vall d\u2019Uix\u00f3"},"content":{"rendered":"\n<p>La recerca de l\u2019home desaparegut a la Vall d\u2019Uix\u00f3 continua activa, amb noves actuacions esta vesprada. Segons ha informat el <strong>Consorci Provincial de Bombers de Castell\u00f3 (Bombers Dipcas)<\/strong>, s\u2019ha incorporat novament la <strong>unitat canina de Protecci\u00f3 Civil de la Diputaci\u00f3 de Castell\u00f3<\/strong> per a revisar una <strong>zona forestal concreta al terme municipal de X\u00f2var<\/strong>.<\/p>\n\n\n\n<p>Els efectius continuen treballant de manera coordinada amb la resta d\u2019equips mobilitzats, entre els quals es troben la <strong>Unitat de Rescat de Muntanya (URM)<\/strong> i els <strong>Bombers Forestals de la Generalitat<\/strong>, sota la coordinaci\u00f3 del <strong>Punt de Mando Avan\u00e7at (PMA)<\/strong> establit a la Casa de la Cultura d\u2019Alfondeguilla.<\/p>\n\n\n\n<p>Des de <strong>Bombers Dipcas<\/strong> tamb\u00e9 s\u2019han dif\u00f3s imatges corresponents a la vesprada d\u2019ahir, que mostren la intensitat dels treballs de recerca i el desplegament d\u2019efectius sobre el terreny.<\/p>\n\n\n\n<p>Les tasques continuen centrades en localitzar l\u2019home desaparegut, que solia freq\u00fcentar esta zona de muntanya entre <strong>la Vall d\u2019Uix\u00f3, Alfondeguilla i X\u00f2var<\/strong>.<\/p>\n","protected":false},"excerpt":{"rendered":"<p>La recerca de l\u2019home desaparegut a la Vall d\u2019Uix\u00f3 continua activa, amb noves actuacions esta vesprada. Segons ha informat el Consorci Provincial de Bombers de Castell\u00f3 (Bombers Dipcas), s\u2019ha incorporat novament la unitat canina de Protecci\u00f3 Civil de la Diputaci\u00f3 de Castell\u00f3 per a revisar una zona forestal concreta al terme municipal de X\u00f2var. Els &#8230; <a title=\"S\u2019incorpora la unitat canina de Protecci\u00f3 Civil a la recerca de l\u2019home desaparegut a la Vall d\u2019Uix\u00f3\" class=\"read-more\" href=\"https:\/\/elcafedepipa.com\/index.php\/2025\/10\/29\/sincorpora-la-unitat-canina-de-proteccio-civil-a-la-recerca-de-lhome-desaparegut-a-la-vall-duixo\/\" aria-label=\"M\u00e9s informaci\u00f3 sobre S\u2019incorpora la unitat canina de Protecci\u00f3 Civil a la recerca de l\u2019home desaparegut a la Vall d\u2019Uix\u00f3\">Read more<\/a><\/p>\n","protected":false},"author":2,"featured_media":18416,"comment_status":"closed","ping_status":"closed","sticky":false,"template":"","format":"standard","meta":{"om_disable_all_campaigns":false,"_monsterinsights_skip_tracking":false,"_monsterinsights_sitenote_active":false,"_monsterinsights_sitenote_note":"","_monsterinsights_sitenote_category":0,"_uf_show_specific_survey":0,"_uf_disable_surveys":false,"footnotes":""},"categories":[2],"tags":[],"class_list":["post-18415","post","type-post","status-publish","format-standard","has-post-thumbnail","hentry","category-lavallduixo"],"_links":{"self":[{"href":"https:\/\/elcafedepipa.com\/index.php\/wp-json\/wp\/v2\/posts\/18415","targetHints":{"allow":["GET"]}}],"collection":[{"href":"https:\/\/elcafedepipa.com\/index.php\/wp-json\/wp\/v2\/posts"}],"about":[{"href":"https:\/\/elcafedepipa.com\/index.php\/wp-json\/wp\/v2\/types\/post"}],"author":[{"embeddable":true,"href":"https:\/\/elcafedepipa.com\/index.php\/wp-json\/wp\/v2\/users\/2"}],"replies":[{"embeddable":true,"href":"https:\/\/elcafedepipa.com\/index.php\/wp-json\/wp\/v2\/comments?post=18415"}],"version-history":[{"count":1,"href":"https:\/\/elcafedepipa.com\/index.php\/wp-json\/wp\/v2\/posts\/18415\/revisions"}],"predecessor-version":[{"id":18417,"href":"https:\/\/elcafedepipa.com\/index.php\/wp-json\/wp\/v2\/posts\/18415\/revisions\/18417"}],"wp:featuredmedia":[{"embeddable":true,"href":"https:\/\/elcafedepipa.com\/index.php\/wp-json\/wp\/v2\/media\/18416"}],"wp:attachment":[{"href":"https:\/\/elcafedepipa.com\/index.php\/wp-json\/wp\/v2\/media?parent=18415"}],"wp:term":[{"taxonomy":"category","embeddable":true,"href":"https:\/\/elcafedepipa.com\/index.php\/wp-json\/wp\/v2\/categories?post=18415"},{"taxonomy":"post_tag","embeddable":true,"href":"https:\/\/elcafedepipa.com\/index.php\/wp-json\/wp\/v2\/tags?post=18415"}],"curies":[{"name":"wp","href":"https:\/\/api.w.org\/{rel}","templated":true}]}}