{"id":18404,"date":"2025-10-28T18:00:00","date_gmt":"2025-10-28T17:00:00","guid":{"rendered":"https:\/\/elcafedepipa.com\/?p=18404"},"modified":"2025-10-28T14:54:21","modified_gmt":"2025-10-28T13:54:21","slug":"atavic-i-colera-millors-curtmetratges-del-festival-fesohcurt-de-nules","status":"publish","type":"post","link":"https:\/\/elcafedepipa.com\/index.php\/2025\/10\/28\/atavic-i-colera-millors-curtmetratges-del-festival-fesohcurt-de-nules\/","title":{"rendered":"\u2018At\u00e0vic\u2019 i \u2018C\u00f2lera\u2019, millors curtmetratges del Festival FesOhCurt de Nules"},"content":{"rendered":"\n<p>Nules ha celebrat aquest cap de setmana el 8\u00e9 FesOh!Curt \u2013 Festival de Curtmetratges, i ha donat a con\u00e8ixer els curts premiats. De fet, dissabte es van lliurar un total de 2.800 euros en premis finan\u00e7ats per la Regidoria de Cultura de l\u2019Ajuntament de Nules.<\/p>\n\n\n\n<p>Aix\u00ed, en aquesta edici\u00f3 el premi al millor curtmetratge dotat amb 700 euros ha estat compartit, i han rebut aquest guard\u00f3 \u201cAt\u00e0vic\u201d d\u2019Albert Blay i \u201cC\u00f2lera\u201d de Jos\u00e9 Luis L\u00e1zaro.<\/p>\n\n\n\n<p>A m\u00e9s, el premi al millor curtmetratge en altres lleng\u00fces dotat amb 400 euros ha estat per al curt anomenat \u201cAdi\u00f3s\u201d de Jos\u00e9 Prats; el premi de 300 euros al millor curtmetratge vot del p\u00fablic ha recaigut en \u201cAll you need is love\u201d de Dany Ruz; el premi al millor curtmetratge de les comarques de Castell\u00f3 tamb\u00e9 dotat amb 300 euros ha estat per \u201cA la fresca\u201d d\u2019Alexandra Croitoriu; el premi millor curtmetratge rodat a Nules amb 200 euros ha estat per \u201cEl decret\u201d de Pascual Bort; el premi a la millor interpretaci\u00f3 en valenci\u00e0 amb una dotaci\u00f3 de 100 euros ha estat per a Ferran Rull, pel seu treball en \u201cAt\u00e0vic\u201d; el premi de 100 euros a la millor banda sonora de t\u00e8cnic valenci\u00e0\/na ha estat per a Jorge T\u00f3rtel i Jordi Sapena, pel treball fet al curtmetatge \u201cC\u00f2lera\u201d; i el premi al millor disseny de producci\u00f3 de t\u00e8cnic valenci\u00e0\/na tamb\u00e9 dotat amb 100 euros ha recaigut en \u00d3scar Gos\u00e1lvez, per la seua tasca realitzada al curt \u201cLeonardo\u201d.&nbsp;<\/p>\n\n\n\n<p><strong>Una edici<\/strong><strong>\u00f3 <\/strong><strong>amb <\/strong><strong>640 curts <\/strong><strong>inscrits<\/strong><strong><\/strong><\/p>\n\n\n\n<p>La present edici\u00f3 del festival Fesohcurt ha rebut 640 curtmetratges procedents de 16 pa\u00efsos, amb especial pres\u00e8ncia d\u2019Argentina, Fran\u00e7a i It\u00e0lia, fet que consolida el festival com un espai obert al cinema global. No obstant aix\u00f2,<\/p>\n\n\n\n<p>d\u2019entre tots els treballs presentats, 20 han estat seleccionats per a competir en les diferents categories.<\/p>\n\n\n\n<p>La regidora de Cultura, M. Jos\u00e9 Esteban, vol recalcar que \u201caquest certamen mant\u00e9 el seu comprom\u00eds amb la llengua i la cultura valencianes, amb m\u00e9s del 50 % dels curtmetratges rodats en valenci\u00e0 en la seua versi\u00f3 original\u201d.<\/p>\n\n\n\n<p>Cal recordar que, el festival est\u00e0 organitzat per Art\u00e8ria Cultural -dirigit per Edgar Bernad i Juanjo Clausell- juntament amb l\u2019Ajuntament de Nules, i compta amb la col\u00b7laboraci\u00f3 de la Caixa Rural de Nules, l\u2019Institut Valenci\u00e0 de Cultura (IVC) i l\u2019Associaci\u00f3 Cultural i Mediambiental Arrels.<\/p>\n","protected":false},"excerpt":{"rendered":"<p>Nules ha celebrat aquest cap de setmana el 8\u00e9 FesOh!Curt \u2013 Festival de Curtmetratges, i ha donat a con\u00e8ixer els curts premiats. De fet, dissabte es van lliurar un total de 2.800 euros en premis finan\u00e7ats per la Regidoria de Cultura de l\u2019Ajuntament de Nules. Aix\u00ed, en aquesta edici\u00f3 el premi al millor curtmetratge dotat &#8230; <a title=\"\u2018At\u00e0vic\u2019 i \u2018C\u00f2lera\u2019, millors curtmetratges del Festival FesOhCurt de Nules\" class=\"read-more\" href=\"https:\/\/elcafedepipa.com\/index.php\/2025\/10\/28\/atavic-i-colera-millors-curtmetratges-del-festival-fesohcurt-de-nules\/\" aria-label=\"M\u00e9s informaci\u00f3 sobre \u2018At\u00e0vic\u2019 i \u2018C\u00f2lera\u2019, millors curtmetratges del Festival FesOhCurt de Nules\">Read more<\/a><\/p>\n","protected":false},"author":2,"featured_media":18405,"comment_status":"closed","ping_status":"closed","sticky":false,"template":"","format":"standard","meta":{"om_disable_all_campaigns":false,"_monsterinsights_skip_tracking":false,"_monsterinsights_sitenote_active":false,"_monsterinsights_sitenote_note":"","_monsterinsights_sitenote_category":0,"_uf_show_specific_survey":0,"_uf_disable_surveys":false,"footnotes":""},"categories":[3],"tags":[],"class_list":["post-18404","post","type-post","status-publish","format-standard","has-post-thumbnail","hentry","category-nules"],"_links":{"self":[{"href":"https:\/\/elcafedepipa.com\/index.php\/wp-json\/wp\/v2\/posts\/18404","targetHints":{"allow":["GET"]}}],"collection":[{"href":"https:\/\/elcafedepipa.com\/index.php\/wp-json\/wp\/v2\/posts"}],"about":[{"href":"https:\/\/elcafedepipa.com\/index.php\/wp-json\/wp\/v2\/types\/post"}],"author":[{"embeddable":true,"href":"https:\/\/elcafedepipa.com\/index.php\/wp-json\/wp\/v2\/users\/2"}],"replies":[{"embeddable":true,"href":"https:\/\/elcafedepipa.com\/index.php\/wp-json\/wp\/v2\/comments?post=18404"}],"version-history":[{"count":1,"href":"https:\/\/elcafedepipa.com\/index.php\/wp-json\/wp\/v2\/posts\/18404\/revisions"}],"predecessor-version":[{"id":18406,"href":"https:\/\/elcafedepipa.com\/index.php\/wp-json\/wp\/v2\/posts\/18404\/revisions\/18406"}],"wp:featuredmedia":[{"embeddable":true,"href":"https:\/\/elcafedepipa.com\/index.php\/wp-json\/wp\/v2\/media\/18405"}],"wp:attachment":[{"href":"https:\/\/elcafedepipa.com\/index.php\/wp-json\/wp\/v2\/media?parent=18404"}],"wp:term":[{"taxonomy":"category","embeddable":true,"href":"https:\/\/elcafedepipa.com\/index.php\/wp-json\/wp\/v2\/categories?post=18404"},{"taxonomy":"post_tag","embeddable":true,"href":"https:\/\/elcafedepipa.com\/index.php\/wp-json\/wp\/v2\/tags?post=18404"}],"curies":[{"name":"wp","href":"https:\/\/api.w.org\/{rel}","templated":true}]}}