{"id":18401,"date":"2025-10-28T18:30:00","date_gmt":"2025-10-28T17:30:00","guid":{"rendered":"https:\/\/elcafedepipa.com\/?p=18401"},"modified":"2025-10-28T14:35:42","modified_gmt":"2025-10-28T13:35:42","slug":"nules-trau-a-licitacio-les-obres-de-millora-de-quatre-dels-seus-poligons-industrials-amb-una-inversio-de-quasi-un-milio-deuros","status":"publish","type":"post","link":"https:\/\/elcafedepipa.com\/index.php\/2025\/10\/28\/nules-trau-a-licitacio-les-obres-de-millora-de-quatre-dels-seus-poligons-industrials-amb-una-inversio-de-quasi-un-milio-deuros\/","title":{"rendered":"Nules trau a licitaci\u00f3 les obres de millora de quatre dels seus pol\u00edgons industrials amb una inversi\u00f3 de quasi un mili\u00f3 d\u2019euros"},"content":{"rendered":"\n<p>L\u2019Ajuntament de Nules ha tret a licitaci\u00f3 les obres de millora, modernitzaci\u00f3 i dotaci\u00f3 d\u2019infraestructures de quatre dels seus pol\u00edgons industrials, en concret dels pol\u00edgons industrials de Senda Mitjana, Polar, Cardanelles, i la Mina sector 2.<\/p>\n\n\n\n<p>Unes actuacions que compten amb una inversi\u00f3 de 965.500 euros que dur\u00e0 a terme el consistori durant els exercicis 2025 i 2026, i que s\u2019emmarquen en el Programa de Millora d\u2019Infraestructures de Parcs Empresarials que promou l\u2019Institut Valenci\u00e0 de Competitivitat Empresarial (IVACE) de la Generalitat Valenciana.<\/p>\n\n\n\n<p>De manera que, les empreses interessades a dur a terme les obres corresponents al pol\u00edgon de la Senda Mitjana poden presentar ofertes fins al pr\u00f2xim 6 de novembre, i el termini per a la resta d\u2019actuacions als pol\u00edgons Polar, Cardanelles i la Mina finalitza l\u201911 de novembre.<\/p>\n\n\n\n<p>En concret, al pol\u00edgon industrial de Senda Mitjana es dur\u00e0 a terme un projecte de millora d\u2019infraestructures amb un pressupost de 335.500 euros, i que contemplar\u00e0 la millora de la mobilitat urbana, la instal\u00b7laci\u00f3 de c\u00e0meres de videovigil\u00e0ncia, a m\u00e9s tamb\u00e9 de la millora vi\u00e0ria amb accessos segurs amb nova senyalitzaci\u00f3, i millora de la xarxa de sanejament d\u2019aig\u00fces residuals.<\/p>\n\n\n\n<p>Per altra banda, tamb\u00e9 s\u2019executar\u00e0 el projecte de millora del pol\u00edgon industrial Polar amb una quantia total de 214.000 euros. Aix\u00ed, entre les actuacions previstes es troba la instal\u00b7laci\u00f3 de c\u00e0meres de videovigil\u00e0ncia, la millora de l\u2019enllumenat p\u00fablic, i de les zones verdes.<\/p>\n\n\n\n<p>Es faran tamb\u00e9 actuacions al pol\u00edgon industrial Cardanelles, on es vol, entre d\u2019altres, millorar la mobilitat urbana, o millorar tamb\u00e9 els vials, aix\u00ed mateix es vol instal\u00b7lar c\u00e0meres de viodevigil\u00e0ncia. Aquestes actuacions comptaran amb una dotaci\u00f3 econ\u00f2mica de l\u2019IVACE de 116.000 euros<\/p>\n\n\n\n<p>Per \u00faltim, en el pol\u00edgon industrial la Mina sector 2 s\u2019invertir\u00e0 300.000 euros en diferents actuacions com ara la millora de la vigil\u00e0ncia, del transport p\u00fablic, millora vi\u00e0ria, del sanejament d\u2019aig\u00fces residuals o del subministrament d\u2019aigua.<\/p>\n","protected":false},"excerpt":{"rendered":"<p>L\u2019Ajuntament de Nules ha tret a licitaci\u00f3 les obres de millora, modernitzaci\u00f3 i dotaci\u00f3 d\u2019infraestructures de quatre dels seus pol\u00edgons industrials, en concret dels pol\u00edgons industrials de Senda Mitjana, Polar, Cardanelles, i la Mina sector 2. Unes actuacions que compten amb una inversi\u00f3 de 965.500 euros que dur\u00e0 a terme el consistori durant els exercicis &#8230; <a title=\"Nules trau a licitaci\u00f3 les obres de millora de quatre dels seus pol\u00edgons industrials amb una inversi\u00f3 de quasi un mili\u00f3 d\u2019euros\" class=\"read-more\" href=\"https:\/\/elcafedepipa.com\/index.php\/2025\/10\/28\/nules-trau-a-licitacio-les-obres-de-millora-de-quatre-dels-seus-poligons-industrials-amb-una-inversio-de-quasi-un-milio-deuros\/\" aria-label=\"M\u00e9s informaci\u00f3 sobre Nules trau a licitaci\u00f3 les obres de millora de quatre dels seus pol\u00edgons industrials amb una inversi\u00f3 de quasi un mili\u00f3 d\u2019euros\">Read more<\/a><\/p>\n","protected":false},"author":2,"featured_media":18402,"comment_status":"closed","ping_status":"closed","sticky":false,"template":"","format":"standard","meta":{"om_disable_all_campaigns":false,"_monsterinsights_skip_tracking":false,"_monsterinsights_sitenote_active":false,"_monsterinsights_sitenote_note":"","_monsterinsights_sitenote_category":0,"_uf_show_specific_survey":0,"_uf_disable_surveys":false,"footnotes":""},"categories":[1],"tags":[],"class_list":["post-18401","post","type-post","status-publish","format-standard","has-post-thumbnail","hentry","category-non-classe"],"_links":{"self":[{"href":"https:\/\/elcafedepipa.com\/index.php\/wp-json\/wp\/v2\/posts\/18401","targetHints":{"allow":["GET"]}}],"collection":[{"href":"https:\/\/elcafedepipa.com\/index.php\/wp-json\/wp\/v2\/posts"}],"about":[{"href":"https:\/\/elcafedepipa.com\/index.php\/wp-json\/wp\/v2\/types\/post"}],"author":[{"embeddable":true,"href":"https:\/\/elcafedepipa.com\/index.php\/wp-json\/wp\/v2\/users\/2"}],"replies":[{"embeddable":true,"href":"https:\/\/elcafedepipa.com\/index.php\/wp-json\/wp\/v2\/comments?post=18401"}],"version-history":[{"count":1,"href":"https:\/\/elcafedepipa.com\/index.php\/wp-json\/wp\/v2\/posts\/18401\/revisions"}],"predecessor-version":[{"id":18403,"href":"https:\/\/elcafedepipa.com\/index.php\/wp-json\/wp\/v2\/posts\/18401\/revisions\/18403"}],"wp:featuredmedia":[{"embeddable":true,"href":"https:\/\/elcafedepipa.com\/index.php\/wp-json\/wp\/v2\/media\/18402"}],"wp:attachment":[{"href":"https:\/\/elcafedepipa.com\/index.php\/wp-json\/wp\/v2\/media?parent=18401"}],"wp:term":[{"taxonomy":"category","embeddable":true,"href":"https:\/\/elcafedepipa.com\/index.php\/wp-json\/wp\/v2\/categories?post=18401"},{"taxonomy":"post_tag","embeddable":true,"href":"https:\/\/elcafedepipa.com\/index.php\/wp-json\/wp\/v2\/tags?post=18401"}],"curies":[{"name":"wp","href":"https:\/\/api.w.org\/{rel}","templated":true}]}}