{"id":18386,"date":"2025-10-28T13:50:41","date_gmt":"2025-10-28T12:50:41","guid":{"rendered":"https:\/\/elcafedepipa.com\/?p=18386"},"modified":"2025-10-28T13:50:41","modified_gmt":"2025-10-28T12:50:41","slug":"moncofa-avanca-en-la-licitacio-del-nou-contracte-de-neteja-i-recollida-de-residus-que-duplicara-lactual-amb-tres-milions-deuros-anuals-i-nous-serveis","status":"publish","type":"post","link":"https:\/\/elcafedepipa.com\/index.php\/2025\/10\/28\/moncofa-avanca-en-la-licitacio-del-nou-contracte-de-neteja-i-recollida-de-residus-que-duplicara-lactual-amb-tres-milions-deuros-anuals-i-nous-serveis\/","title":{"rendered":"Moncofa avan\u00e7a en la licitaci\u00f3 del nou contracte de neteja i recollida de residus, que duplicar\u00e0 l\u2019actual amb tres milions d\u2019euros anuals i nous serveis"},"content":{"rendered":"\n<p>L&#8217;Ajuntament de Moncofa portar\u00e0 al pr\u00f2xim Ple municipal l&#8217;aprovaci\u00f3 de l&#8217;estructura de costos del nou contracte de neteja vi\u00e0ria i recollida de residus s\u00f2lids urbans, un pas previ imprescindible per a licitar un servei que duplicar\u00e0 la inversi\u00f3 actual, amb un cost previst de tres milions d&#8217;euros anuals per a donar resposta a les necessitats de la poblaci\u00f3.<\/p>\n\n\n\n<p>\u201cAquest \u00e9s un primer pas per a la licitaci\u00f3 del contracte de neteja vi\u00e0ria i de recollida de fem, un contracte que s&#8217;amplia considerablement per a poder atendre les noves necessitats de la ciutadania\u201d, assenyala l&#8217;alcalde<\/p>\n\n\n\n<p>de Moncofa, Wences Al\u00f3s Valls, que recorda que el servei vigent du ja 16 anys en vigor. Amb el nou contracte, no sols es duplica el cost, sin\u00f3 que tamb\u00e9 es far\u00e0 un salt qualitatiu en el servei.<\/p>\n\n\n\n<p>D&#8217;aquesta manera, Al\u00f3s Valls avan\u00e7a que l&#8217;actualitzaci\u00f3 del contracte permetr\u00e0 renovar per complet el sistema de neteja i recollida de residus, incorporant una flota moderna i m\u00e9s eficient, amb tres camions de c\u00e0rrega bilateral compactadors i caixa llavacontenidors, a m\u00e9s d&#8217;altres vehicles auxiliars i un cami\u00f3 de c\u00e0rrega posterior destinat a recollides puntuals. Aquestes millores refor\u00e7aran la neteja vi\u00e0ria i contribuiran a reduir l&#8217;impacte ambiental dels residus.<\/p>\n\n\n\n<p>Entre les principals novetats del nou servei destaca tamb\u00e9 la implantaci\u00f3 de la recollida de residus org\u00e0nics en via p\u00fablica, que es gestionar\u00e0 de manera informatitzada per a permetre bonificacions en la taxa de recollida de residus, amb l&#8217;objectiu d&#8217;incentivar el reciclatge. A m\u00e9s, es posar\u00e0 en marxa un servei porta a porta per a la recollida de paper i cart\u00f3 en els comer\u00e7os i un altre de recollida espec\u00edfica de mat\u00e8ria org\u00e0nica per a establiments hostalers i de restauraci\u00f3 (HORECA).<\/p>\n\n\n\n<p>\u201cEstem parlant d&#8217;un contracte important, l&#8217;envergadura del qual reflecteix tamb\u00e9 el nostre comprom\u00eds per modernitzar el servei amb criteris de sostenibilitat i, sobretot, adaptar la gesti\u00f3 de residus al creixement que ha experimentat Moncofa en aquests \u00faltims anys\u201d, conclou l&#8217;alcalde<\/p>\n","protected":false},"excerpt":{"rendered":"<p>L&#8217;Ajuntament de Moncofa portar\u00e0 al pr\u00f2xim Ple municipal l&#8217;aprovaci\u00f3 de l&#8217;estructura de costos del nou contracte de neteja vi\u00e0ria i recollida de residus s\u00f2lids urbans, un pas previ imprescindible per a licitar un servei que duplicar\u00e0 la inversi\u00f3 actual, amb un cost previst de tres milions d&#8217;euros anuals per a donar resposta a les necessitats &#8230; <a title=\"Moncofa avan\u00e7a en la licitaci\u00f3 del nou contracte de neteja i recollida de residus, que duplicar\u00e0 l\u2019actual amb tres milions d\u2019euros anuals i nous serveis\" class=\"read-more\" href=\"https:\/\/elcafedepipa.com\/index.php\/2025\/10\/28\/moncofa-avanca-en-la-licitacio-del-nou-contracte-de-neteja-i-recollida-de-residus-que-duplicara-lactual-amb-tres-milions-deuros-anuals-i-nous-serveis\/\" aria-label=\"M\u00e9s informaci\u00f3 sobre Moncofa avan\u00e7a en la licitaci\u00f3 del nou contracte de neteja i recollida de residus, que duplicar\u00e0 l\u2019actual amb tres milions d\u2019euros anuals i nous serveis\">Read more<\/a><\/p>\n","protected":false},"author":2,"featured_media":18387,"comment_status":"closed","ping_status":"closed","sticky":false,"template":"","format":"standard","meta":{"om_disable_all_campaigns":false,"_monsterinsights_skip_tracking":false,"_monsterinsights_sitenote_active":false,"_monsterinsights_sitenote_note":"","_monsterinsights_sitenote_category":0,"_uf_show_specific_survey":0,"_uf_disable_surveys":false,"footnotes":""},"categories":[4],"tags":[],"class_list":["post-18386","post","type-post","status-publish","format-standard","has-post-thumbnail","hentry","category-moncofa"],"_links":{"self":[{"href":"https:\/\/elcafedepipa.com\/index.php\/wp-json\/wp\/v2\/posts\/18386","targetHints":{"allow":["GET"]}}],"collection":[{"href":"https:\/\/elcafedepipa.com\/index.php\/wp-json\/wp\/v2\/posts"}],"about":[{"href":"https:\/\/elcafedepipa.com\/index.php\/wp-json\/wp\/v2\/types\/post"}],"author":[{"embeddable":true,"href":"https:\/\/elcafedepipa.com\/index.php\/wp-json\/wp\/v2\/users\/2"}],"replies":[{"embeddable":true,"href":"https:\/\/elcafedepipa.com\/index.php\/wp-json\/wp\/v2\/comments?post=18386"}],"version-history":[{"count":1,"href":"https:\/\/elcafedepipa.com\/index.php\/wp-json\/wp\/v2\/posts\/18386\/revisions"}],"predecessor-version":[{"id":18388,"href":"https:\/\/elcafedepipa.com\/index.php\/wp-json\/wp\/v2\/posts\/18386\/revisions\/18388"}],"wp:featuredmedia":[{"embeddable":true,"href":"https:\/\/elcafedepipa.com\/index.php\/wp-json\/wp\/v2\/media\/18387"}],"wp:attachment":[{"href":"https:\/\/elcafedepipa.com\/index.php\/wp-json\/wp\/v2\/media?parent=18386"}],"wp:term":[{"taxonomy":"category","embeddable":true,"href":"https:\/\/elcafedepipa.com\/index.php\/wp-json\/wp\/v2\/categories?post=18386"},{"taxonomy":"post_tag","embeddable":true,"href":"https:\/\/elcafedepipa.com\/index.php\/wp-json\/wp\/v2\/tags?post=18386"}],"curies":[{"name":"wp","href":"https:\/\/api.w.org\/{rel}","templated":true}]}}