{"id":18383,"date":"2025-10-28T13:49:08","date_gmt":"2025-10-28T12:49:08","guid":{"rendered":"https:\/\/elcafedepipa.com\/?p=18383"},"modified":"2025-10-28T13:49:09","modified_gmt":"2025-10-28T12:49:09","slug":"lajuntament-de-la-vall-duixo-restaura-la-font-dels-xorros-amb-treballs-especialitzats","status":"publish","type":"post","link":"https:\/\/elcafedepipa.com\/index.php\/2025\/10\/28\/lajuntament-de-la-vall-duixo-restaura-la-font-dels-xorros-amb-treballs-especialitzats\/","title":{"rendered":"L\u2019Ajuntament de la Vall d\u2019Uix\u00f3 restaura la Font dels Xorros amb treballs especialitzats"},"content":{"rendered":"\n<p>L\u2019Ajuntament de la Vall d\u2019Uix\u00f3 est\u00e0 duent a terme les <strong>obres de reparaci\u00f3 i restauraci\u00f3 de la Font dels Xorros<\/strong>. Fa un any i mig es va produir un <strong>percance en la font<\/strong> que va provocar la <strong>trencadura d\u2019un dels bra\u00e7os de les escales<\/strong>. Des d\u2019aleshores no s\u2019havia pogut actuar a causa del <strong>proc\u00e9s de disputa amb la companyia asseguradora<\/strong>, ja que el consistori reclamava que assumira el <strong>cost \u00edntegre de l\u2019obra<\/strong>. Finalment, l\u2019asseguradora nom\u00e9s cobrir\u00e0 <strong>500 euros dels 2.800 euros<\/strong> del pressupost total de reparaci\u00f3.<\/p>\n\n\n\n<p>El <strong>regidor de Patrimoni, Fernando Dar\u00f2s<\/strong>, ha explicat que \u201c<strong>no es tracta d\u2019una reparaci\u00f3 simple<\/strong>, perqu\u00e8 no es pot intervenir en un element patrimonial de qualsevol manera\u201d. En aquest sentit, ha destacat que els treballs \u201c<strong>els est\u00e0 realitzant una empresa especialitzada en restauraci\u00f3 patrimonial i arqueol\u00f2gica<\/strong>, per a garantir que es fa\u00e7a amb la m\u00e0xima professionalitat i respecte pel b\u00e9 hist\u00f2ric\u201d.<\/p>\n\n\n\n<p>Encara que aparentment puga semblar una intervenci\u00f3 senzilla, el proc\u00e9s requereix una <strong>t\u00e8cnica molt espec\u00edfica<\/strong>, basada en la <strong>superposici\u00f3 de capes de morter<\/strong>, amb els seus <strong>temps corresponents de consolidaci\u00f3, assecat, retirada de sobrants, neteja i aplicaci\u00f3 de noves capes<\/strong>. \u201c\u00c9s un <strong>treball minuci\u00f3s i de precisi\u00f3<\/strong>, que no pot accelerar-se si volem que la reparaci\u00f3 quede com correspon a un element d\u2019aquest valor patrimonial i monumental\u201d, ha afegit Dar\u00f2s.<\/p>\n\n\n\n<p>Els <strong>treballs<\/strong>, que van comen\u00e7ar el <strong>passat divendres<\/strong>, tindran una <strong>duraci\u00f3 aproximada d\u2019una setmana<\/strong>, encara que s\u2019han vist <strong>lleugerament retardats per les pluges<\/strong> del diumenge. El regidor ha subratllat que \u201c<strong>estem actuant per a recuperar la Font dels Xorros de la millor manera possible<\/strong>, de manera professional i respectant el patrimoni, perqu\u00e8 \u00e9s <strong>una de les poques fonts monumentals que conservem a la Vall d\u2019Uix\u00f3<\/strong>\u201d.<\/p>\n\n\n\n<p>Aquesta actuaci\u00f3 s\u2019emmarca en <strong>l\u2019aposta ferma del govern municipal per la conservaci\u00f3 i posada en valor del patrimoni local<\/strong>, que en els \u00faltims deu anys ha impulsat <strong>projectes com la recuperaci\u00f3 de la Torre de Benissahat, la transformaci\u00f3 de la F\u00e0brica de la Llum en museu arqueol\u00f2gic, l\u2019excavaci\u00f3 del poblat de Sant Josep o la millora de l\u2019entorn de l\u2019aq\u00fceducte rom\u00e0<\/strong>.<\/p>\n\n\n\n<p>\u201cEl <strong>patrimoni no sols ens connecta amb la nostra hist\u00f2ria<\/strong>, sin\u00f3 que tamb\u00e9 <strong>genera orgull de ciutat i oportunitats culturals i tur\u00edstiques<\/strong>\u201d, ha concl\u00f2s Dar\u00f2s.<\/p>\n","protected":false},"excerpt":{"rendered":"<p>L\u2019Ajuntament de la Vall d\u2019Uix\u00f3 est\u00e0 duent a terme les obres de reparaci\u00f3 i restauraci\u00f3 de la Font dels Xorros. Fa un any i mig es va produir un percance en la font que va provocar la trencadura d\u2019un dels bra\u00e7os de les escales. Des d\u2019aleshores no s\u2019havia pogut actuar a causa del proc\u00e9s de &#8230; <a title=\"L\u2019Ajuntament de la Vall d\u2019Uix\u00f3 restaura la Font dels Xorros amb treballs especialitzats\" class=\"read-more\" href=\"https:\/\/elcafedepipa.com\/index.php\/2025\/10\/28\/lajuntament-de-la-vall-duixo-restaura-la-font-dels-xorros-amb-treballs-especialitzats\/\" aria-label=\"M\u00e9s informaci\u00f3 sobre L\u2019Ajuntament de la Vall d\u2019Uix\u00f3 restaura la Font dels Xorros amb treballs especialitzats\">Read more<\/a><\/p>\n","protected":false},"author":2,"featured_media":18384,"comment_status":"closed","ping_status":"closed","sticky":false,"template":"","format":"standard","meta":{"om_disable_all_campaigns":false,"_monsterinsights_skip_tracking":false,"_monsterinsights_sitenote_active":false,"_monsterinsights_sitenote_note":"","_monsterinsights_sitenote_category":0,"_uf_show_specific_survey":0,"_uf_disable_surveys":false,"footnotes":""},"categories":[2],"tags":[],"class_list":["post-18383","post","type-post","status-publish","format-standard","has-post-thumbnail","hentry","category-lavallduixo"],"_links":{"self":[{"href":"https:\/\/elcafedepipa.com\/index.php\/wp-json\/wp\/v2\/posts\/18383","targetHints":{"allow":["GET"]}}],"collection":[{"href":"https:\/\/elcafedepipa.com\/index.php\/wp-json\/wp\/v2\/posts"}],"about":[{"href":"https:\/\/elcafedepipa.com\/index.php\/wp-json\/wp\/v2\/types\/post"}],"author":[{"embeddable":true,"href":"https:\/\/elcafedepipa.com\/index.php\/wp-json\/wp\/v2\/users\/2"}],"replies":[{"embeddable":true,"href":"https:\/\/elcafedepipa.com\/index.php\/wp-json\/wp\/v2\/comments?post=18383"}],"version-history":[{"count":1,"href":"https:\/\/elcafedepipa.com\/index.php\/wp-json\/wp\/v2\/posts\/18383\/revisions"}],"predecessor-version":[{"id":18385,"href":"https:\/\/elcafedepipa.com\/index.php\/wp-json\/wp\/v2\/posts\/18383\/revisions\/18385"}],"wp:featuredmedia":[{"embeddable":true,"href":"https:\/\/elcafedepipa.com\/index.php\/wp-json\/wp\/v2\/media\/18384"}],"wp:attachment":[{"href":"https:\/\/elcafedepipa.com\/index.php\/wp-json\/wp\/v2\/media?parent=18383"}],"wp:term":[{"taxonomy":"category","embeddable":true,"href":"https:\/\/elcafedepipa.com\/index.php\/wp-json\/wp\/v2\/categories?post=18383"},{"taxonomy":"post_tag","embeddable":true,"href":"https:\/\/elcafedepipa.com\/index.php\/wp-json\/wp\/v2\/tags?post=18383"}],"curies":[{"name":"wp","href":"https:\/\/api.w.org\/{rel}","templated":true}]}}