{"id":18379,"date":"2025-10-28T12:50:57","date_gmt":"2025-10-28T11:50:57","guid":{"rendered":"https:\/\/elcafedepipa.com\/?p=18379"},"modified":"2025-10-28T12:50:58","modified_gmt":"2025-10-28T11:50:58","slug":"el-pspv-psoe-celebra-les-ajudes-del-govern-despanya-de-fins-a-100-euros-per-a-ulleres-infantils-que-un-xiquet-veja-be-no-pot-dependre-del-que-guanye-la-seua-familia","status":"publish","type":"post","link":"https:\/\/elcafedepipa.com\/index.php\/2025\/10\/28\/el-pspv-psoe-celebra-les-ajudes-del-govern-despanya-de-fins-a-100-euros-per-a-ulleres-infantils-que-un-xiquet-veja-be-no-pot-dependre-del-que-guanye-la-seua-familia\/","title":{"rendered":"El PSPV-PSOE celebra les ajudes del Govern d\u2019Espanya de fins a 100 euros per a ulleres infantils: \u201cQue un xiquet veja b\u00e9 no pot dependre del que guanye la seua fam\u00edlia\u201d"},"content":{"rendered":"\n<p>La diputada al Congr\u00e9s Susana Ros destaca aquesta mesura pionera que beneficiar\u00e0 a 721.000 menors que necessiten ulleres o lentilles per\u00f2 no poden permetre-se-les<\/p>\n\n\n\n<p>El PSPV-PSOE de Castell\u00f3 ha destacat que el Govern d\u2019Espanya continua ampliant la protecci\u00f3 social dels m\u00e9s joves amb un nou programa d\u2019ajudes directes de fins a 100 euros per a cobrir el cost d\u2019ulleres o lentilles en menors de 16 anys. Es tracta d\u2019una mesura pionera, inclosa en l\u2019agenda social impulsada per l\u2019executiu socialista, que t\u00e9 com a objectiu garantir la salut visual i la igualtat d\u2019oportunitats de tots els xiquets i xiquetes del pa\u00eds, amb independ\u00e8ncia del nivell de renda de les seues fam\u00edlies.<\/p>\n\n\n\n<p>La diputada al Congr\u00e9s Susana Ros ha reivindicat la iniciativa com \u201cuna aposta clara per la igualtat i la cohesi\u00f3 social\u201d i ha destacat que \u201cinvertir en la salut visual dels nostres menors \u00e9s tindre visi\u00f3 de futur\u201d. En paraules seues, \u201cque un xiquet puga vore b\u00e9 la pissarra de la seua escola no pot dependre del que guanye la seua fam\u00edlia\u201d.<\/p>\n\n\n\n<p>El programa comptar\u00e0 amb una dotaci\u00f3 pressupost\u00e0ria de 48 milions d\u2019euros entre 2025 i 2026 i permetr\u00e0 aplicar els descomptes directament en les \u00f2ptiques a partir de finals d\u2019enguany. Les ajudes seran gestionades a trav\u00e9s del Consell General de Col\u00b7legis d\u2019\u00d2ptics-Optometristes, que administrar\u00e0 les subvencions per a cobrir fins a 100 euros de la factura corresponent a la revisi\u00f3 i l\u2019adquisici\u00f3 de les ulleres o lentilles.<\/p>\n\n\n\n<p>Ros ha subratllat que, segons les dades oficials, m\u00e9s de 721.000 menors a Espanya necessiten ulleres o lentilles per\u00f2 no poden permetre-se-les, una situaci\u00f3 que afecta directament el seu rendiment escolar i el seu benestar. \u201cAquesta mesura alleujar\u00e0 a milers de fam\u00edlies que, tot i els esfor\u00e7os, no poden assumir un cost que hauria de ser b\u00e0sic. Parlem de just\u00edcia social i d\u2019igualtat real d\u2019oportunitats en l\u2019aprenentatge\u201d, ha remarcat.<\/p>\n\n\n\n<p>Finalment, la representant socialista ha reivindicat el valor del sistema p\u00fablic de salut i ha assegurat que \u201cel Partit Socialista continua demostrant que governa per a millorar la vida de la gent, per aix\u00f2 el blindarem davant de qui vulga debilitar-lo o privatitzar-lo\u201d.<\/p>\n\n\n\n<p><\/p>\n","protected":false},"excerpt":{"rendered":"<p>La diputada al Congr\u00e9s Susana Ros destaca aquesta mesura pionera que beneficiar\u00e0 a 721.000 menors que necessiten ulleres o lentilles per\u00f2 no poden permetre-se-les El PSPV-PSOE de Castell\u00f3 ha destacat que el Govern d\u2019Espanya continua ampliant la protecci\u00f3 social dels m\u00e9s joves amb un nou programa d\u2019ajudes directes de fins a 100 euros per a &#8230; <a title=\"El PSPV-PSOE celebra les ajudes del Govern d\u2019Espanya de fins a 100 euros per a ulleres infantils: \u201cQue un xiquet veja b\u00e9 no pot dependre del que guanye la seua fam\u00edlia\u201d\" class=\"read-more\" href=\"https:\/\/elcafedepipa.com\/index.php\/2025\/10\/28\/el-pspv-psoe-celebra-les-ajudes-del-govern-despanya-de-fins-a-100-euros-per-a-ulleres-infantils-que-un-xiquet-veja-be-no-pot-dependre-del-que-guanye-la-seua-familia\/\" aria-label=\"M\u00e9s informaci\u00f3 sobre El PSPV-PSOE celebra les ajudes del Govern d\u2019Espanya de fins a 100 euros per a ulleres infantils: \u201cQue un xiquet veja b\u00e9 no pot dependre del que guanye la seua fam\u00edlia\u201d\">Read more<\/a><\/p>\n","protected":false},"author":2,"featured_media":18381,"comment_status":"closed","ping_status":"closed","sticky":false,"template":"","format":"standard","meta":{"om_disable_all_campaigns":false,"_monsterinsights_skip_tracking":false,"_monsterinsights_sitenote_active":false,"_monsterinsights_sitenote_note":"","_monsterinsights_sitenote_category":0,"_uf_show_specific_survey":0,"_uf_disable_surveys":false,"footnotes":""},"categories":[11],"tags":[],"class_list":["post-18379","post","type-post","status-publish","format-standard","has-post-thumbnail","hentry","category-comunitatvalenciana"],"_links":{"self":[{"href":"https:\/\/elcafedepipa.com\/index.php\/wp-json\/wp\/v2\/posts\/18379","targetHints":{"allow":["GET"]}}],"collection":[{"href":"https:\/\/elcafedepipa.com\/index.php\/wp-json\/wp\/v2\/posts"}],"about":[{"href":"https:\/\/elcafedepipa.com\/index.php\/wp-json\/wp\/v2\/types\/post"}],"author":[{"embeddable":true,"href":"https:\/\/elcafedepipa.com\/index.php\/wp-json\/wp\/v2\/users\/2"}],"replies":[{"embeddable":true,"href":"https:\/\/elcafedepipa.com\/index.php\/wp-json\/wp\/v2\/comments?post=18379"}],"version-history":[{"count":1,"href":"https:\/\/elcafedepipa.com\/index.php\/wp-json\/wp\/v2\/posts\/18379\/revisions"}],"predecessor-version":[{"id":18382,"href":"https:\/\/elcafedepipa.com\/index.php\/wp-json\/wp\/v2\/posts\/18379\/revisions\/18382"}],"wp:featuredmedia":[{"embeddable":true,"href":"https:\/\/elcafedepipa.com\/index.php\/wp-json\/wp\/v2\/media\/18381"}],"wp:attachment":[{"href":"https:\/\/elcafedepipa.com\/index.php\/wp-json\/wp\/v2\/media?parent=18379"}],"wp:term":[{"taxonomy":"category","embeddable":true,"href":"https:\/\/elcafedepipa.com\/index.php\/wp-json\/wp\/v2\/categories?post=18379"},{"taxonomy":"post_tag","embeddable":true,"href":"https:\/\/elcafedepipa.com\/index.php\/wp-json\/wp\/v2\/tags?post=18379"}],"curies":[{"name":"wp","href":"https:\/\/api.w.org\/{rel}","templated":true}]}}