{"id":18372,"date":"2025-10-28T10:36:10","date_gmt":"2025-10-28T09:36:10","guid":{"rendered":"https:\/\/elcafedepipa.com\/?p=18372"},"modified":"2025-10-28T10:45:04","modified_gmt":"2025-10-28T09:45:04","slug":"la-guardia-civil-dete-quatre-persones-que-actuaven-mitjancant-el-metode-de-la-sembra","status":"publish","type":"post","link":"https:\/\/elcafedepipa.com\/index.php\/2025\/10\/28\/la-guardia-civil-dete-quatre-persones-que-actuaven-mitjancant-el-metode-de-la-sembra\/","title":{"rendered":"La Gu\u00e0rdia Civil det\u00e9 quatre persones que actuaven mitjan\u00e7ant el \u201cm\u00e8tode de la sembra\u201d"},"content":{"rendered":"\n<p>La Gu\u00e0rdia Civil de Vinar\u00f2s ha detingut <strong>quatre persones<\/strong> com a presumptes autores d\u2019un <strong>delicte de furt<\/strong> com\u00e9s a Benic\u00e0ssim.<\/p>\n\n\n\n<p>El passat <strong>21 d\u2019octubre<\/strong>, en l\u2019aparcament d\u2019un supermercat de la localitat, <strong>dos individus van distreure una dona<\/strong> amb l\u2019excusa de preguntar-li una adre\u00e7a, mentre <strong>els altres dos li furtaven el bolso<\/strong> de l\u2019interior del vehicle.<\/p>\n\n\n\n<p>Les dades aportades per la v\u00edctima, tant la descripci\u00f3 dels individus com les caracter\u00edstiques del vehicle utilitzat per a la fugida, van ser <strong>essencials per establir un dispositiu de cerca<\/strong> a la prov\u00edncia, que va finalitzar quan agents del <strong>Post Principal de la Gu\u00e0rdia Civil de Vinar\u00f2s<\/strong> van localitzar i interceptar el vehicle, trobant en el seu interior <strong>els efectes personals de la perjudicada<\/strong>.<\/p>\n\n\n\n<p>Despr\u00e9s de les investigacions realitzades, s\u2019ha determinat que <strong>els quatre implicats estaven relacionats amb almenys quatre fets delictius similars<\/strong> ocorreguts en diferents localitats de Vinar\u00f2s.<\/p>\n\n\n\n<p>Als detinguts, <strong>dos homes i dues dones<\/strong>, se\u2019ls atribueixen <strong>els delictes de furt i pertinen\u00e7a a grup criminal<\/strong>.<\/p>\n\n\n\n<p>Els <strong>efectes recuperats<\/strong> s\u2019han lliurat a la seua <strong>leg\u00edtima propiet\u00e0ria<\/strong>.<\/p>\n","protected":false},"excerpt":{"rendered":"<p>La Gu\u00e0rdia Civil de Vinar\u00f2s ha detingut quatre persones com a presumptes autores d\u2019un delicte de furt com\u00e9s a Benic\u00e0ssim. El passat 21 d\u2019octubre, en l\u2019aparcament d\u2019un supermercat de la localitat, dos individus van distreure una dona amb l\u2019excusa de preguntar-li una adre\u00e7a, mentre els altres dos li furtaven el bolso de l\u2019interior del vehicle. &#8230; <a title=\"La Gu\u00e0rdia Civil det\u00e9 quatre persones que actuaven mitjan\u00e7ant el \u201cm\u00e8tode de la sembra\u201d\" class=\"read-more\" href=\"https:\/\/elcafedepipa.com\/index.php\/2025\/10\/28\/la-guardia-civil-dete-quatre-persones-que-actuaven-mitjancant-el-metode-de-la-sembra\/\" aria-label=\"M\u00e9s informaci\u00f3 sobre La Gu\u00e0rdia Civil det\u00e9 quatre persones que actuaven mitjan\u00e7ant el \u201cm\u00e8tode de la sembra\u201d\">Read more<\/a><\/p>\n","protected":false},"author":2,"featured_media":18375,"comment_status":"closed","ping_status":"closed","sticky":false,"template":"","format":"standard","meta":{"om_disable_all_campaigns":false,"_monsterinsights_skip_tracking":false,"_monsterinsights_sitenote_active":false,"_monsterinsights_sitenote_note":"","_monsterinsights_sitenote_category":0,"_uf_show_specific_survey":0,"_uf_disable_surveys":false,"footnotes":""},"categories":[11],"tags":[],"class_list":["post-18372","post","type-post","status-publish","format-standard","has-post-thumbnail","hentry","category-comunitatvalenciana"],"_links":{"self":[{"href":"https:\/\/elcafedepipa.com\/index.php\/wp-json\/wp\/v2\/posts\/18372","targetHints":{"allow":["GET"]}}],"collection":[{"href":"https:\/\/elcafedepipa.com\/index.php\/wp-json\/wp\/v2\/posts"}],"about":[{"href":"https:\/\/elcafedepipa.com\/index.php\/wp-json\/wp\/v2\/types\/post"}],"author":[{"embeddable":true,"href":"https:\/\/elcafedepipa.com\/index.php\/wp-json\/wp\/v2\/users\/2"}],"replies":[{"embeddable":true,"href":"https:\/\/elcafedepipa.com\/index.php\/wp-json\/wp\/v2\/comments?post=18372"}],"version-history":[{"count":1,"href":"https:\/\/elcafedepipa.com\/index.php\/wp-json\/wp\/v2\/posts\/18372\/revisions"}],"predecessor-version":[{"id":18374,"href":"https:\/\/elcafedepipa.com\/index.php\/wp-json\/wp\/v2\/posts\/18372\/revisions\/18374"}],"wp:featuredmedia":[{"embeddable":true,"href":"https:\/\/elcafedepipa.com\/index.php\/wp-json\/wp\/v2\/media\/18375"}],"wp:attachment":[{"href":"https:\/\/elcafedepipa.com\/index.php\/wp-json\/wp\/v2\/media?parent=18372"}],"wp:term":[{"taxonomy":"category","embeddable":true,"href":"https:\/\/elcafedepipa.com\/index.php\/wp-json\/wp\/v2\/categories?post=18372"},{"taxonomy":"post_tag","embeddable":true,"href":"https:\/\/elcafedepipa.com\/index.php\/wp-json\/wp\/v2\/tags?post=18372"}],"curies":[{"name":"wp","href":"https:\/\/api.w.org\/{rel}","templated":true}]}}