{"id":18369,"date":"2025-10-28T10:07:35","date_gmt":"2025-10-28T09:07:35","guid":{"rendered":"https:\/\/elcafedepipa.com\/?p=18369"},"modified":"2025-10-28T10:07:35","modified_gmt":"2025-10-28T09:07:35","slug":"continua-sense-resultats-la-recerca-de-lhome-desaparegut-a-la-vall-duixo-centrada-a-la-zona-dalfondeguilla","status":"publish","type":"post","link":"https:\/\/elcafedepipa.com\/index.php\/2025\/10\/28\/continua-sense-resultats-la-recerca-de-lhome-desaparegut-a-la-vall-duixo-centrada-a-la-zona-dalfondeguilla\/","title":{"rendered":"Continua sense resultats la recerca de l\u2019home desaparegut a la Vall d\u2019Uix\u00f3, centrada a la zona d\u2019Alfondeguilla"},"content":{"rendered":"\n<p>Els treballs de recerca de l\u2019home desaparegut a la Vall d\u2019Uix\u00f3 continuen este mat\u00ed despr\u00e9s d\u2019una nit d\u2019intensa activitat per part dels equips d\u2019emerg\u00e8ncia. Segons ha informat el <strong>Consorci Provincial de Bombers de Castell\u00f3 (Bombers Dipcas)<\/strong>, les tasques realitzades durant la passada matinada, amb personal terrestre i <strong>equips de drons de Bombers Forestals de la Generalitat i de la Policia de la Generalitat<\/strong>, no han donat cap resultat positiu.<\/p>\n\n\n\n<p>Despr\u00e9s dels relleus corresponents, este \u00e9s el dispositiu mobilitzat per a la jornada de hui:<\/p>\n\n\n\n<ul class=\"wp-block-list\">\n<li>1 equip de la <strong>Unitat de Rescat de Muntanya (URM)<\/strong> de Bombers Dipcas<\/li>\n\n\n\n<li>1 <strong>unitat de comandament<\/strong> de Bombers Dipcas<\/li>\n\n\n\n<li>2 <strong>unitats de bombers forestals de la Generalitat Valenciana<\/strong><\/li>\n\n\n\n<li>1 <strong>coordinador forestal<\/strong> de Bombers Dipcas<\/li>\n\n\n\n<li><strong>Helic\u00f2pter de rescat<\/strong> del servei d\u2019emerg\u00e8ncies de la Generalitat (GVA 112)<\/li>\n\n\n\n<li><strong>Operatiu de la Gu\u00e0rdia Civil<\/strong><\/li>\n<\/ul>\n\n\n\n<p>El <strong>Punt de Mando Avan\u00e7at (PMA)<\/strong> continua establit a la <strong>Casa de la Cultura d\u2019Alfondeguilla<\/strong>, des d\u2019on es coordinen totes les operacions de recerca.<\/p>\n\n\n\n<p>Els efectius mantenen actiu el dispositiu amb l\u2019objectiu de localitzar com m\u00e9s prompte millor al desaparegut, que solia freq\u00fcentar esta zona pr\u00f2xima a la Serra d\u2019Espad\u00e0.<\/p>\n\n\n\n<p>Des de les autoritats s\u2019ha agra\u00eft la col\u00b7laboraci\u00f3 de tots els cossos implicats i s\u2019ha demanat prud\u00e8ncia a la ciutadania mentre continuen les tasques sobre el terreny.<\/p>\n","protected":false},"excerpt":{"rendered":"<p>Els treballs de recerca de l\u2019home desaparegut a la Vall d\u2019Uix\u00f3 continuen este mat\u00ed despr\u00e9s d\u2019una nit d\u2019intensa activitat per part dels equips d\u2019emerg\u00e8ncia. Segons ha informat el Consorci Provincial de Bombers de Castell\u00f3 (Bombers Dipcas), les tasques realitzades durant la passada matinada, amb personal terrestre i equips de drons de Bombers Forestals de la &#8230; <a title=\"Continua sense resultats la recerca de l\u2019home desaparegut a la Vall d\u2019Uix\u00f3, centrada a la zona d\u2019Alfondeguilla\" class=\"read-more\" href=\"https:\/\/elcafedepipa.com\/index.php\/2025\/10\/28\/continua-sense-resultats-la-recerca-de-lhome-desaparegut-a-la-vall-duixo-centrada-a-la-zona-dalfondeguilla\/\" aria-label=\"M\u00e9s informaci\u00f3 sobre Continua sense resultats la recerca de l\u2019home desaparegut a la Vall d\u2019Uix\u00f3, centrada a la zona d\u2019Alfondeguilla\">Read more<\/a><\/p>\n","protected":false},"author":2,"featured_media":18370,"comment_status":"closed","ping_status":"closed","sticky":false,"template":"","format":"standard","meta":{"om_disable_all_campaigns":false,"_monsterinsights_skip_tracking":false,"_monsterinsights_sitenote_active":false,"_monsterinsights_sitenote_note":"","_monsterinsights_sitenote_category":0,"_uf_show_specific_survey":0,"_uf_disable_surveys":false,"footnotes":""},"categories":[2],"tags":[],"class_list":["post-18369","post","type-post","status-publish","format-standard","has-post-thumbnail","hentry","category-lavallduixo"],"_links":{"self":[{"href":"https:\/\/elcafedepipa.com\/index.php\/wp-json\/wp\/v2\/posts\/18369","targetHints":{"allow":["GET"]}}],"collection":[{"href":"https:\/\/elcafedepipa.com\/index.php\/wp-json\/wp\/v2\/posts"}],"about":[{"href":"https:\/\/elcafedepipa.com\/index.php\/wp-json\/wp\/v2\/types\/post"}],"author":[{"embeddable":true,"href":"https:\/\/elcafedepipa.com\/index.php\/wp-json\/wp\/v2\/users\/2"}],"replies":[{"embeddable":true,"href":"https:\/\/elcafedepipa.com\/index.php\/wp-json\/wp\/v2\/comments?post=18369"}],"version-history":[{"count":1,"href":"https:\/\/elcafedepipa.com\/index.php\/wp-json\/wp\/v2\/posts\/18369\/revisions"}],"predecessor-version":[{"id":18371,"href":"https:\/\/elcafedepipa.com\/index.php\/wp-json\/wp\/v2\/posts\/18369\/revisions\/18371"}],"wp:featuredmedia":[{"embeddable":true,"href":"https:\/\/elcafedepipa.com\/index.php\/wp-json\/wp\/v2\/media\/18370"}],"wp:attachment":[{"href":"https:\/\/elcafedepipa.com\/index.php\/wp-json\/wp\/v2\/media?parent=18369"}],"wp:term":[{"taxonomy":"category","embeddable":true,"href":"https:\/\/elcafedepipa.com\/index.php\/wp-json\/wp\/v2\/categories?post=18369"},{"taxonomy":"post_tag","embeddable":true,"href":"https:\/\/elcafedepipa.com\/index.php\/wp-json\/wp\/v2\/tags?post=18369"}],"curies":[{"name":"wp","href":"https:\/\/api.w.org\/{rel}","templated":true}]}}