{"id":18362,"date":"2025-10-27T18:30:00","date_gmt":"2025-10-27T17:30:00","guid":{"rendered":"https:\/\/elcafedepipa.com\/?p=18362"},"modified":"2025-10-27T14:42:25","modified_gmt":"2025-10-27T13:42:25","slug":"nules-ampliara-la-plantilla-de-la-policia-local","status":"publish","type":"post","link":"https:\/\/elcafedepipa.com\/index.php\/2025\/10\/27\/nules-ampliara-la-plantilla-de-la-policia-local\/","title":{"rendered":"Nules ampliar\u00e0 la plantilla de la Policia Local"},"content":{"rendered":"\n<p>La plantilla de la Policia Local de Nules comptar\u00e0 amb m\u00e9s agents fixes amb els quals es vol incrementar la vigil\u00e0ncia i la seguretat ciutadana. De fet, l\u2019Ajuntament de Nules ha publicat recentment la convocat\u00f2ria i les bases per a aquesta ampliaci\u00f3.<\/p>\n\n\n\n<p>En concret, es tracta de <strong>quatre places<\/strong> incloses en l\u2019<strong>Oferta d\u2019Ocupaci\u00f3 P\u00fablica de 2025<\/strong> per a proveir en propietat aquestes places d\u2019agent de la Policia Local \u2014<strong>dues de torn lliure i dues de torn de mobilitat<\/strong>. A m\u00e9s, es crear\u00e0 tamb\u00e9 una <strong>borsa de treball<\/strong> per a la contractaci\u00f3 d\u2019agents en casos puntuals de necessitat.<\/p>\n\n\n\n<p>Les persones interessades a formar part del proc\u00e9s selectiu poden presentar les seues inst\u00e0ncies <strong>fins al pr\u00f2xim dijous 20 de novembre<\/strong>.<\/p>\n\n\n\n<p>Pel que fa al procediment d\u2019acc\u00e9s per <strong>torn lliure<\/strong>, aquest constar\u00e0 de diferents exercicis de car\u00e0cter obligatori i eliminatori, com ara la <strong>medici\u00f3 i proves f\u00edsiques<\/strong>, una <strong>prova psicot\u00e8cnica<\/strong>, un <strong>q\u00fcestionari sobre el temari<\/strong>, la <strong>prova de valenci\u00e0<\/strong> i un <strong>reconeixement m\u00e8dic<\/strong>. D\u2019altra banda, el procediment per al <strong>torn de mobilitat<\/strong> consistir\u00e0 en un <strong>reconeixement m\u00e8dic<\/strong> i una <strong>prova psicot\u00e8cnica<\/strong>, tamb\u00e9 de car\u00e0cter obligatori i eliminatori.<\/p>\n\n\n\n<p>L\u2019alcalde de Nules i regidor de Seguretat i Policia Local, <strong>David Garc\u00eda<\/strong>, ha explicat que \u201c\u00e9s una millora important per a la nostra Policia Local i tamb\u00e9 per a la ciutadania, ja que amb les places en propietat es vol donar estabilitat a la plantilla\u201d.<\/p>\n\n\n\n<p>Actualment, la <strong>Policia Local de Nules<\/strong> est\u00e0 formada per <strong>una trentena de membres<\/strong>, de manera que la pr\u00e0ctica totalitat del personal \u00e9s, a hores d\u2019ara, <strong>fix<\/strong>.<\/p>\n\n\n\n<p><\/p>\n","protected":false},"excerpt":{"rendered":"<p>La plantilla de la Policia Local de Nules comptar\u00e0 amb m\u00e9s agents fixes amb els quals es vol incrementar la vigil\u00e0ncia i la seguretat ciutadana. De fet, l\u2019Ajuntament de Nules ha publicat recentment la convocat\u00f2ria i les bases per a aquesta ampliaci\u00f3. En concret, es tracta de quatre places incloses en l\u2019Oferta d\u2019Ocupaci\u00f3 P\u00fablica de &#8230; <a title=\"Nules ampliar\u00e0 la plantilla de la Policia Local\" class=\"read-more\" href=\"https:\/\/elcafedepipa.com\/index.php\/2025\/10\/27\/nules-ampliara-la-plantilla-de-la-policia-local\/\" aria-label=\"M\u00e9s informaci\u00f3 sobre Nules ampliar\u00e0 la plantilla de la Policia Local\">Read more<\/a><\/p>\n","protected":false},"author":2,"featured_media":18363,"comment_status":"closed","ping_status":"closed","sticky":false,"template":"","format":"standard","meta":{"om_disable_all_campaigns":false,"_monsterinsights_skip_tracking":false,"_monsterinsights_sitenote_active":false,"_monsterinsights_sitenote_note":"","_monsterinsights_sitenote_category":0,"_uf_show_specific_survey":0,"_uf_disable_surveys":false,"footnotes":""},"categories":[3],"tags":[],"class_list":["post-18362","post","type-post","status-publish","format-standard","has-post-thumbnail","hentry","category-nules"],"_links":{"self":[{"href":"https:\/\/elcafedepipa.com\/index.php\/wp-json\/wp\/v2\/posts\/18362","targetHints":{"allow":["GET"]}}],"collection":[{"href":"https:\/\/elcafedepipa.com\/index.php\/wp-json\/wp\/v2\/posts"}],"about":[{"href":"https:\/\/elcafedepipa.com\/index.php\/wp-json\/wp\/v2\/types\/post"}],"author":[{"embeddable":true,"href":"https:\/\/elcafedepipa.com\/index.php\/wp-json\/wp\/v2\/users\/2"}],"replies":[{"embeddable":true,"href":"https:\/\/elcafedepipa.com\/index.php\/wp-json\/wp\/v2\/comments?post=18362"}],"version-history":[{"count":1,"href":"https:\/\/elcafedepipa.com\/index.php\/wp-json\/wp\/v2\/posts\/18362\/revisions"}],"predecessor-version":[{"id":18364,"href":"https:\/\/elcafedepipa.com\/index.php\/wp-json\/wp\/v2\/posts\/18362\/revisions\/18364"}],"wp:featuredmedia":[{"embeddable":true,"href":"https:\/\/elcafedepipa.com\/index.php\/wp-json\/wp\/v2\/media\/18363"}],"wp:attachment":[{"href":"https:\/\/elcafedepipa.com\/index.php\/wp-json\/wp\/v2\/media?parent=18362"}],"wp:term":[{"taxonomy":"category","embeddable":true,"href":"https:\/\/elcafedepipa.com\/index.php\/wp-json\/wp\/v2\/categories?post=18362"},{"taxonomy":"post_tag","embeddable":true,"href":"https:\/\/elcafedepipa.com\/index.php\/wp-json\/wp\/v2\/tags?post=18362"}],"curies":[{"name":"wp","href":"https:\/\/api.w.org\/{rel}","templated":true}]}}