{"id":18356,"date":"2025-10-27T14:36:47","date_gmt":"2025-10-27T13:36:47","guid":{"rendered":"https:\/\/elcafedepipa.com\/?p=18356"},"modified":"2025-10-27T14:36:48","modified_gmt":"2025-10-27T13:36:48","slug":"moncofa-celebra-halloween-amb-activitats-infantils-i-una-gran-festa-nocturna","status":"publish","type":"post","link":"https:\/\/elcafedepipa.com\/index.php\/2025\/10\/27\/moncofa-celebra-halloween-amb-activitats-infantils-i-una-gran-festa-nocturna\/","title":{"rendered":"Moncofa celebra Halloween amb activitats infantils i una gran festa nocturna"},"content":{"rendered":"\n<p>L&#8217;Ajuntament de Moncofa i la Comissi\u00f3 de Festes han organitzat per a divendres que ve 31 d&#8217;octubre una jornada completa per a celebrar Halloween amb propostes dirigides a totes les edats. La programaci\u00f3 inclou una vesprada infantil plena de diversi\u00f3 i una gran festa nocturna amb DJ en la carpa polivalent.<\/p>\n\n\n\n<p>La vesprada infantil tindr\u00e0 lloc de 16.30 a 20.00 hores a la pla\u00e7a de la Constituci\u00f3, on xiquets i xiquetes podran gaudir d&#8217;unflables, pintacares, fotoreclam i un futbol\u00ed hum\u00e0. Una cita pensada per a viure en fam\u00edlia la part m\u00e9s divertida de la vespra de Tots Sants.<\/p>\n\n\n\n<p>La celebraci\u00f3 continuar\u00e0 a la nit amb la Festa Halloween amb DJ, que comen\u00e7ar\u00e0 a les 23.00 hores en la carpa polivalent. La vetlada, organitzada per la Comissi\u00f3 de Festes L\u2019Asklaguetto 2026, promet diversi\u00f3 assegurada fins a la matinada.<\/p>\n\n\n\n<p>La regidora de Festes, Maria Teresa Alemany, ha destacat \u201cla import\u00e0ncia d&#8217;oferir activitats per a tots els p\u00fablics, especialment per als xiquets i xiquetes, que cada any esperen amb il\u00b7lusi\u00f3 l&#8217;arribada de Halloween. Des de l&#8217;Ajuntament treballem perqu\u00e8 Moncofa continue sent un municipi din\u00e0mic, amb propostes que fomenten la participaci\u00f3 i el gaudi en comunitat\u201d.<\/p>\n","protected":false},"excerpt":{"rendered":"<p>L&#8217;Ajuntament de Moncofa i la Comissi\u00f3 de Festes han organitzat per a divendres que ve 31 d&#8217;octubre una jornada completa per a celebrar Halloween amb propostes dirigides a totes les edats. La programaci\u00f3 inclou una vesprada infantil plena de diversi\u00f3 i una gran festa nocturna amb DJ en la carpa polivalent. La vesprada infantil tindr\u00e0 &#8230; <a title=\"Moncofa celebra Halloween amb activitats infantils i una gran festa nocturna\" class=\"read-more\" href=\"https:\/\/elcafedepipa.com\/index.php\/2025\/10\/27\/moncofa-celebra-halloween-amb-activitats-infantils-i-una-gran-festa-nocturna\/\" aria-label=\"M\u00e9s informaci\u00f3 sobre Moncofa celebra Halloween amb activitats infantils i una gran festa nocturna\">Read more<\/a><\/p>\n","protected":false},"author":2,"featured_media":18360,"comment_status":"closed","ping_status":"closed","sticky":false,"template":"","format":"standard","meta":{"om_disable_all_campaigns":false,"_monsterinsights_skip_tracking":false,"_monsterinsights_sitenote_active":false,"_monsterinsights_sitenote_note":"","_monsterinsights_sitenote_category":0,"_uf_show_specific_survey":0,"_uf_disable_surveys":false,"footnotes":""},"categories":[4],"tags":[],"class_list":["post-18356","post","type-post","status-publish","format-standard","has-post-thumbnail","hentry","category-moncofa"],"_links":{"self":[{"href":"https:\/\/elcafedepipa.com\/index.php\/wp-json\/wp\/v2\/posts\/18356","targetHints":{"allow":["GET"]}}],"collection":[{"href":"https:\/\/elcafedepipa.com\/index.php\/wp-json\/wp\/v2\/posts"}],"about":[{"href":"https:\/\/elcafedepipa.com\/index.php\/wp-json\/wp\/v2\/types\/post"}],"author":[{"embeddable":true,"href":"https:\/\/elcafedepipa.com\/index.php\/wp-json\/wp\/v2\/users\/2"}],"replies":[{"embeddable":true,"href":"https:\/\/elcafedepipa.com\/index.php\/wp-json\/wp\/v2\/comments?post=18356"}],"version-history":[{"count":1,"href":"https:\/\/elcafedepipa.com\/index.php\/wp-json\/wp\/v2\/posts\/18356\/revisions"}],"predecessor-version":[{"id":18361,"href":"https:\/\/elcafedepipa.com\/index.php\/wp-json\/wp\/v2\/posts\/18356\/revisions\/18361"}],"wp:featuredmedia":[{"embeddable":true,"href":"https:\/\/elcafedepipa.com\/index.php\/wp-json\/wp\/v2\/media\/18360"}],"wp:attachment":[{"href":"https:\/\/elcafedepipa.com\/index.php\/wp-json\/wp\/v2\/media?parent=18356"}],"wp:term":[{"taxonomy":"category","embeddable":true,"href":"https:\/\/elcafedepipa.com\/index.php\/wp-json\/wp\/v2\/categories?post=18356"},{"taxonomy":"post_tag","embeddable":true,"href":"https:\/\/elcafedepipa.com\/index.php\/wp-json\/wp\/v2\/tags?post=18356"}],"curies":[{"name":"wp","href":"https:\/\/api.w.org\/{rel}","templated":true}]}}