{"id":1835,"date":"2024-06-04T14:00:40","date_gmt":"2024-06-04T12:00:40","guid":{"rendered":"https:\/\/elcafedepipa.com\/?p=1835"},"modified":"2024-06-04T21:35:15","modified_gmt":"2024-06-04T19:35:15","slug":"podcast-xxii-puja-en-carro-des-de-la-vilavella-a-la-cova-santa","status":"publish","type":"post","link":"https:\/\/elcafedepipa.com\/index.php\/2024\/06\/04\/podcast-xxii-puja-en-carro-des-de-la-vilavella-a-la-cova-santa\/","title":{"rendered":"Podcast | XXII Puj\u00e0 en carro des de la Vilavella a la Cova Santa"},"content":{"rendered":"\n<p>El divendres tindr\u00e0 lloc la concentraci\u00f3 de romers a la Vilavella i la marxa s&#8217;iniciar\u00e0 a les 6&#8217;30 del dissabte encap\u00e7alada pel grup de dol\u00e7ainers, per arribar a migdia de diumenge a dest\u00ed. Enguany tamb\u00e9 tenen la figura del desafiant, Jos\u00e9 Luis Sales, que far\u00e0 el trajecte a peu i descal\u00e7 per una causa solidaria. Junt a ells ens han acompanyat Antonio Badenes, Vicent Callau i Anna Carratal\u00e0.<\/p>\n\n\n\n<figure class=\"wp-block-audio\"><audio controls src=\"https:\/\/elcafedepipa.com\/wp-content\/uploads\/2024\/06\/covasanta_.mp3\"><\/audio><\/figure>\n","protected":false},"excerpt":{"rendered":"<p>El divendres tindr\u00e0 lloc la concentraci\u00f3 de romers a la Vilavella i la marxa s&#8217;iniciar\u00e0 a les 6&#8217;30 del dissabte encap\u00e7alada pel grup de dol\u00e7ainers, per arribar a migdia de diumenge a dest\u00ed. Enguany tamb\u00e9 tenen la figura del desafiant, Jos\u00e9 Luis Sales, que far\u00e0 el trajecte a peu i descal\u00e7 per una causa solidaria. &#8230; <a title=\"Podcast | XXII Puj\u00e0 en carro des de la Vilavella a la Cova Santa\" class=\"read-more\" href=\"https:\/\/elcafedepipa.com\/index.php\/2024\/06\/04\/podcast-xxii-puja-en-carro-des-de-la-vilavella-a-la-cova-santa\/\" aria-label=\"M\u00e9s informaci\u00f3 sobre Podcast | XXII Puj\u00e0 en carro des de la Vilavella a la Cova Santa\">Read more<\/a><\/p>\n","protected":false},"author":2,"featured_media":1836,"comment_status":"closed","ping_status":"closed","sticky":false,"template":"","format":"standard","meta":{"om_disable_all_campaigns":false,"_monsterinsights_skip_tracking":false,"_monsterinsights_sitenote_active":false,"_monsterinsights_sitenote_note":"","_monsterinsights_sitenote_category":0,"_uf_show_specific_survey":0,"_uf_disable_surveys":false,"footnotes":""},"categories":[7,34],"tags":[],"class_list":["post-1835","post","type-post","status-publish","format-standard","has-post-thumbnail","hentry","category-lavilavella","category-podcast"],"_links":{"self":[{"href":"https:\/\/elcafedepipa.com\/index.php\/wp-json\/wp\/v2\/posts\/1835","targetHints":{"allow":["GET"]}}],"collection":[{"href":"https:\/\/elcafedepipa.com\/index.php\/wp-json\/wp\/v2\/posts"}],"about":[{"href":"https:\/\/elcafedepipa.com\/index.php\/wp-json\/wp\/v2\/types\/post"}],"author":[{"embeddable":true,"href":"https:\/\/elcafedepipa.com\/index.php\/wp-json\/wp\/v2\/users\/2"}],"replies":[{"embeddable":true,"href":"https:\/\/elcafedepipa.com\/index.php\/wp-json\/wp\/v2\/comments?post=1835"}],"version-history":[{"count":0,"href":"https:\/\/elcafedepipa.com\/index.php\/wp-json\/wp\/v2\/posts\/1835\/revisions"}],"wp:featuredmedia":[{"embeddable":true,"href":"https:\/\/elcafedepipa.com\/index.php\/wp-json\/wp\/v2\/media\/1836"}],"wp:attachment":[{"href":"https:\/\/elcafedepipa.com\/index.php\/wp-json\/wp\/v2\/media?parent=1835"}],"wp:term":[{"taxonomy":"category","embeddable":true,"href":"https:\/\/elcafedepipa.com\/index.php\/wp-json\/wp\/v2\/categories?post=1835"},{"taxonomy":"post_tag","embeddable":true,"href":"https:\/\/elcafedepipa.com\/index.php\/wp-json\/wp\/v2\/tags?post=1835"}],"curies":[{"name":"wp","href":"https:\/\/api.w.org\/{rel}","templated":true}]}}