{"id":18347,"date":"2025-10-27T13:51:57","date_gmt":"2025-10-27T12:51:57","guid":{"rendered":"https:\/\/elcafedepipa.com\/?p=18347"},"modified":"2025-10-27T13:51:58","modified_gmt":"2025-10-27T12:51:58","slug":"lajuntament-de-la-vall-duixo-impulsa-un-laboratori-arqueologic-per-a-preservar-el-patrimoni-local","status":"publish","type":"post","link":"https:\/\/elcafedepipa.com\/index.php\/2025\/10\/27\/lajuntament-de-la-vall-duixo-impulsa-un-laboratori-arqueologic-per-a-preservar-el-patrimoni-local\/","title":{"rendered":"L\u2019Ajuntament de la Vall d\u2019Uix\u00f3 impulsa un laboratori arqueol\u00f2gic per a preservar el patrimoni local"},"content":{"rendered":"\n<p>L\u2019Ajuntament de la Vall d\u2019Uix\u00f3 t\u00e9 en marxa un laboratori arqueol\u00f2gic provisional on es duen a terme els treballs de neteja, catalogaci\u00f3 i restauraci\u00f3 de les peces trobades en les excavacions del poblat de Sant Josep. Aquesta iniciativa \u00e9s \u201cessencial per a la investigaci\u00f3 cient\u00edfica i la conservaci\u00f3 del patrimoni hist\u00f2ric local\u201d, tal com han destacat l\u2019alcaldessa, Tania Ba\u00f1os, i el regidor de Patrimoni, Fernando Dar\u00f2s, en la seua visita.<\/p>\n\n\n\n<p>Actualment, el laboratori i magatzem definitiu est\u00e0 en fase de licitaci\u00f3, per la qual cosa aquest espai, situat en la primera planta del mercat municipal, s\u2019utilitza de manera provisional fins que finalitzen les obres. Aquest projecte est\u00e0 finan\u00e7at per la Uni\u00f3 Europea a trav\u00e9s dels fons Next Generation EU, dins del Pla de Recuperaci\u00f3, Transformaci\u00f3 i Resili\u00e8ncia del Govern d\u2019Espanya. En total, el conjunt d\u2019actuacions de Sant Josep suposa una inversi\u00f3 de quasi 2,5 milions d\u2019euros, amb l\u2019objectiu de posar en valor el patrimoni amb finalitats tur\u00edstiques i culturals.<\/p>\n\n\n\n<p>L\u2019equip de restauraci\u00f3 que treballa tant al camp com al laboratori est\u00e0 format majorit\u00e0riament per dones, la qual cosa posa de relleu \u201cel paper fonamental del talent femen\u00ed en la ci\u00e8ncia\u201d. \u201cS\u00f3n professionals que garanteixen la conservaci\u00f3 del patrimoni i contribueixen a con\u00e9ixer millor el nostre passat des del rigor i l\u2019excel\u00b7l\u00e8ncia cient\u00edfica\u201d, ha destacat l\u2019alcaldessa.<\/p>\n\n\n\n<p>En les pr\u00f2ximes setmanes tamb\u00e9 s\u2019iniciaran els treballs de restauraci\u00f3 i consolidaci\u00f3 d\u2019estructures en el mateix jaciment del poblat de Sant Josep. Per a Ba\u00f1os, tot aquest projecte \u201creferma la nostra aposta per una ci\u00e8ncia accessible, la divulgaci\u00f3 del coneixement i el comprom\u00eds amb la protecci\u00f3 del nostre patrimoni com a senya d\u2019identitat i motor de futur i de transformaci\u00f3\u201d.<\/p>\n\n\n\n<p>Algunes de les peces recuperades ja es poden contemplar en l\u2019exposici\u00f3 <em>\u2018L\u2019Aljama d\u2019Uix\u00f3 al segle XIII\u2019<\/em>, inaugurada recentment a la Torre de Benissahat dins de la programaci\u00f3 del 775 aniversari de la Carta Pobla. Entre els objectes m\u00e9s destacats es troba un <em>tabal<\/em> o tambor andalus\u00ed dels segles IX-X. La mostra pot visitar-se gratu\u00eftament fins al 9 de novembre, de dimecres a diumenge, de 17.00 a 19.00 hores.<\/p>\n\n\n\n<p>El regidor de Patrimoni, Fernando Dar\u00f2s, ha subratllat que \u201ca m\u00e9s de recuperar patrimoni immoble com la Torre de Benissahat, tamb\u00e9 estem rescatant peces menudes que ens aporten informaci\u00f3 molt valuosa sobre la nostra hist\u00f2ria i la nostra cultura\u201d. Segons ha explicat, les troballes confirmen que el poblat de Sant Josep va estar ocupat en diverses etapes \u2014edat del bronze, ib\u00e8rica, romana i andalusina\u2014, \u201cla qual cosa demostra el seu enorme valor hist\u00f2ric i arqueol\u00f2gic\u201d.<\/p>\n\n\n\n<p>L\u2019alcaldessa ha destacat el \u201ccercle virtu\u00f3s\u201d que s\u2019est\u00e0 generant entre patrimoni i turisme amb actuacions com la transformaci\u00f3 de la F\u00e0brica de la Llum en museu arqueol\u00f2gic, l\u2019adequaci\u00f3 de l\u2019entorn de l\u2019aq\u00fceducte, la renaturalitzaci\u00f3 de l\u2019aparcament de Sant Josep, l\u2019hist\u00f2rica excavaci\u00f3 del poblat i tamb\u00e9 el nou parc aqu\u00e0tic.<\/p>\n\n\n\n<p>\u201cComplim amb la Vall fent l\u2019aposta m\u00e9s gran que mai ha fet un govern municipal pel patrimoni. Estem construint un projecte de ciutat de futur, des de les nostres arrels i amb la mirada posada en el desenvolupament sostenible\u201d, ha concl\u00f2s Ba\u00f1os.<\/p>\n","protected":false},"excerpt":{"rendered":"<p>L\u2019Ajuntament de la Vall d\u2019Uix\u00f3 t\u00e9 en marxa un laboratori arqueol\u00f2gic provisional on es duen a terme els treballs de neteja, catalogaci\u00f3 i restauraci\u00f3 de les peces trobades en les excavacions del poblat de Sant Josep. Aquesta iniciativa \u00e9s \u201cessencial per a la investigaci\u00f3 cient\u00edfica i la conservaci\u00f3 del patrimoni hist\u00f2ric local\u201d, tal com han &#8230; <a title=\"L\u2019Ajuntament de la Vall d\u2019Uix\u00f3 impulsa un laboratori arqueol\u00f2gic per a preservar el patrimoni local\" class=\"read-more\" href=\"https:\/\/elcafedepipa.com\/index.php\/2025\/10\/27\/lajuntament-de-la-vall-duixo-impulsa-un-laboratori-arqueologic-per-a-preservar-el-patrimoni-local\/\" aria-label=\"M\u00e9s informaci\u00f3 sobre L\u2019Ajuntament de la Vall d\u2019Uix\u00f3 impulsa un laboratori arqueol\u00f2gic per a preservar el patrimoni local\">Read more<\/a><\/p>\n","protected":false},"author":2,"featured_media":18348,"comment_status":"closed","ping_status":"closed","sticky":false,"template":"","format":"standard","meta":{"om_disable_all_campaigns":false,"_monsterinsights_skip_tracking":false,"_monsterinsights_sitenote_active":false,"_monsterinsights_sitenote_note":"","_monsterinsights_sitenote_category":0,"_uf_show_specific_survey":0,"_uf_disable_surveys":false,"footnotes":""},"categories":[2],"tags":[],"class_list":["post-18347","post","type-post","status-publish","format-standard","has-post-thumbnail","hentry","category-lavallduixo"],"_links":{"self":[{"href":"https:\/\/elcafedepipa.com\/index.php\/wp-json\/wp\/v2\/posts\/18347","targetHints":{"allow":["GET"]}}],"collection":[{"href":"https:\/\/elcafedepipa.com\/index.php\/wp-json\/wp\/v2\/posts"}],"about":[{"href":"https:\/\/elcafedepipa.com\/index.php\/wp-json\/wp\/v2\/types\/post"}],"author":[{"embeddable":true,"href":"https:\/\/elcafedepipa.com\/index.php\/wp-json\/wp\/v2\/users\/2"}],"replies":[{"embeddable":true,"href":"https:\/\/elcafedepipa.com\/index.php\/wp-json\/wp\/v2\/comments?post=18347"}],"version-history":[{"count":1,"href":"https:\/\/elcafedepipa.com\/index.php\/wp-json\/wp\/v2\/posts\/18347\/revisions"}],"predecessor-version":[{"id":18349,"href":"https:\/\/elcafedepipa.com\/index.php\/wp-json\/wp\/v2\/posts\/18347\/revisions\/18349"}],"wp:featuredmedia":[{"embeddable":true,"href":"https:\/\/elcafedepipa.com\/index.php\/wp-json\/wp\/v2\/media\/18348"}],"wp:attachment":[{"href":"https:\/\/elcafedepipa.com\/index.php\/wp-json\/wp\/v2\/media?parent=18347"}],"wp:term":[{"taxonomy":"category","embeddable":true,"href":"https:\/\/elcafedepipa.com\/index.php\/wp-json\/wp\/v2\/categories?post=18347"},{"taxonomy":"post_tag","embeddable":true,"href":"https:\/\/elcafedepipa.com\/index.php\/wp-json\/wp\/v2\/tags?post=18347"}],"curies":[{"name":"wp","href":"https:\/\/api.w.org\/{rel}","templated":true}]}}