{"id":18339,"date":"2025-10-27T13:29:51","date_gmt":"2025-10-27T12:29:51","guid":{"rendered":"https:\/\/elcafedepipa.com\/?p=18339"},"modified":"2025-10-27T13:37:08","modified_gmt":"2025-10-27T12:37:08","slug":"el-ppcs-exigix-a-sanchez-que-desbloquege-el-debat-de-la-llei-que-el-pp-proposa-per-a-alliberar-a-les-families-de-la-taxa-socialista-dels-fems","status":"publish","type":"post","link":"https:\/\/elcafedepipa.com\/index.php\/2025\/10\/27\/el-ppcs-exigix-a-sanchez-que-desbloquege-el-debat-de-la-llei-que-el-pp-proposa-per-a-alliberar-a-les-families-de-la-taxa-socialista-dels-fems\/","title":{"rendered":"El PPCS exigix a S\u00e1nchez que desbloquege el debat de la llei que el PP proposa per a &#8220;alliberar a les fam\u00edlies de la taxa socialista dels fems&#8221;.\u00a0\u00a0"},"content":{"rendered":"\n<p>El secretari general del PPCS, Salvador Aguilella, ha reivindicat hui la pol\u00edtica que def\u00e9n als ciutadans enfront d&#8217;un Govern d&#8217;Espanya, que en mans del PSOE, castiga. Aguilella ha fet estes declaracions davant el bloqueig que Pedro S\u00e1nchez exercix en la Mesa del Congr\u00e9s &#8220;segrestant la democr\u00e0cia i impedint el debat d&#8217;una Proposici\u00f3 de Llei que el PP eleva per a suspendre la taxa de les escombraries&#8221;.<\/p>\n\n\n\n<p>\u00c9s la tercera ocasi\u00f3 que ho intenta. La primera en 2022, quan el PSOE va aprovar en el Congr\u00e9s la Llei \/2022 sense el suport del PP, que va presentar esmenes perqu\u00e8 ens e aprovara esta taxa. La segona, al Senat, aprovat una legislaci\u00f3 alternativa al castic del socialisme als ciutadans, que el PSOE tampoc ha recolzat. I esta tercera, amb una Proposici\u00f3 de Llei elevada al Congr\u00e9s i bloquejada per la Mesa.<\/p>\n\n\n\n<p>Per al n\u00famero dos del PPCS, &#8220;la pol\u00edtica hauria d&#8217;estar al servici dels ciutadans i no ser utilitzada com a arma llanc\u00edvola per a servir-se d&#8217;ells&#8221;. I en la seua opini\u00f3, &#8220;aix\u00f2 \u00e9s precisament el que ha fet el PSOE, aprovant la Llei 7\/2022 que carrega a la poblaci\u00f3 amb un nou tribut que Europa mai ha exigit per a complir els objectius acordats pels pa\u00efsos membres&#8221;.<\/p>\n\n\n\n<p>Per a Aguilella, &#8220;el bloqueig en la Mesa del Congr\u00e9s \u00e9s un segrest a la nostra democr\u00e0cia, un m\u00e9s. Amb una inflaci\u00f3 que a la prov\u00edncia de Castell\u00f3 ha aconseguit pics hist\u00f2rics al setembre, el PSOE hauria d&#8217;ajudar a les fam\u00edlies no saquejar les seues economies dom\u00e8stiques. Una altra pol\u00edtica \u00e9s possible. La que ha de decidir Espanya amb eleccions\u201d, ha concl\u00f2s el n\u00famero dos del PPCS.<\/p>\n","protected":false},"excerpt":{"rendered":"<p>El secretari general del PPCS, Salvador Aguilella, ha reivindicat hui la pol\u00edtica que def\u00e9n als ciutadans enfront d&#8217;un Govern d&#8217;Espanya, que en mans del PSOE, castiga. Aguilella ha fet estes declaracions davant el bloqueig que Pedro S\u00e1nchez exercix en la Mesa del Congr\u00e9s &#8220;segrestant la democr\u00e0cia i impedint el debat d&#8217;una Proposici\u00f3 de Llei que &#8230; <a title=\"El PPCS exigix a S\u00e1nchez que desbloquege el debat de la llei que el PP proposa per a &#8220;alliberar a les fam\u00edlies de la taxa socialista dels fems&#8221;.\u00a0\u00a0\" class=\"read-more\" href=\"https:\/\/elcafedepipa.com\/index.php\/2025\/10\/27\/el-ppcs-exigix-a-sanchez-que-desbloquege-el-debat-de-la-llei-que-el-pp-proposa-per-a-alliberar-a-les-families-de-la-taxa-socialista-dels-fems\/\" aria-label=\"M\u00e9s informaci\u00f3 sobre El PPCS exigix a S\u00e1nchez que desbloquege el debat de la llei que el PP proposa per a &#8220;alliberar a les fam\u00edlies de la taxa socialista dels fems&#8221;.\u00a0\u00a0\">Read more<\/a><\/p>\n","protected":false},"author":2,"featured_media":18346,"comment_status":"closed","ping_status":"closed","sticky":false,"template":"","format":"standard","meta":{"om_disable_all_campaigns":false,"_monsterinsights_skip_tracking":false,"_monsterinsights_sitenote_active":false,"_monsterinsights_sitenote_note":"","_monsterinsights_sitenote_category":0,"_uf_show_specific_survey":0,"_uf_disable_surveys":false,"footnotes":""},"categories":[11],"tags":[],"class_list":["post-18339","post","type-post","status-publish","format-standard","has-post-thumbnail","hentry","category-comunitatvalenciana"],"_links":{"self":[{"href":"https:\/\/elcafedepipa.com\/index.php\/wp-json\/wp\/v2\/posts\/18339","targetHints":{"allow":["GET"]}}],"collection":[{"href":"https:\/\/elcafedepipa.com\/index.php\/wp-json\/wp\/v2\/posts"}],"about":[{"href":"https:\/\/elcafedepipa.com\/index.php\/wp-json\/wp\/v2\/types\/post"}],"author":[{"embeddable":true,"href":"https:\/\/elcafedepipa.com\/index.php\/wp-json\/wp\/v2\/users\/2"}],"replies":[{"embeddable":true,"href":"https:\/\/elcafedepipa.com\/index.php\/wp-json\/wp\/v2\/comments?post=18339"}],"version-history":[{"count":1,"href":"https:\/\/elcafedepipa.com\/index.php\/wp-json\/wp\/v2\/posts\/18339\/revisions"}],"predecessor-version":[{"id":18341,"href":"https:\/\/elcafedepipa.com\/index.php\/wp-json\/wp\/v2\/posts\/18339\/revisions\/18341"}],"wp:featuredmedia":[{"embeddable":true,"href":"https:\/\/elcafedepipa.com\/index.php\/wp-json\/wp\/v2\/media\/18346"}],"wp:attachment":[{"href":"https:\/\/elcafedepipa.com\/index.php\/wp-json\/wp\/v2\/media?parent=18339"}],"wp:term":[{"taxonomy":"category","embeddable":true,"href":"https:\/\/elcafedepipa.com\/index.php\/wp-json\/wp\/v2\/categories?post=18339"},{"taxonomy":"post_tag","embeddable":true,"href":"https:\/\/elcafedepipa.com\/index.php\/wp-json\/wp\/v2\/tags?post=18339"}],"curies":[{"name":"wp","href":"https:\/\/api.w.org\/{rel}","templated":true}]}}