{"id":18336,"date":"2025-10-27T13:25:32","date_gmt":"2025-10-27T12:25:32","guid":{"rendered":"https:\/\/elcafedepipa.com\/?p=18336"},"modified":"2025-10-27T13:25:32","modified_gmt":"2025-10-27T12:25:32","slug":"el-pspv-psoe-alerta-que-castello-te-la-pitjor-ratio-de-bombers-per-habitant-i-el-pitjor-temps-de-resposta-de-tota-la-comunitat-valenciana","status":"publish","type":"post","link":"https:\/\/elcafedepipa.com\/index.php\/2025\/10\/27\/el-pspv-psoe-alerta-que-castello-te-la-pitjor-ratio-de-bombers-per-habitant-i-el-pitjor-temps-de-resposta-de-tota-la-comunitat-valenciana\/","title":{"rendered":"El PSPV-PSOE alerta que &#8220;Castell\u00f3 t\u00e9 la pitjor r\u00e0tio de bombers per habitant i el pitjor temps de resposta de tota la Comunitat Valenciana&#8221;"},"content":{"rendered":"\n<p>El PSPV-PSOE ha advertit aquest dijous que &#8220;Castell\u00f3 \u00e9s la prov\u00edncia amb la pitjor r\u00e0tio de bombers per habitant i el pitjor temps de resposta davant emerg\u00e8ncies de tota la Comunitat Valenciana&#8221;. La diputada provincial Maria Jim\u00e9nez ha atribu\u00eft aquest \u201cdeshonor\u201d a la \u201cdeixadesa pol\u00edtica i falta de criteri professional\u201d de l\u2019equip de govern del Partit Popular de Marta Barrachina en la gesti\u00f3 del Consorci Provincial de Bombers (CPBC).<\/p>\n\n\n\n<p>Segons ha explicat Jim\u00e9nez, l\u2019estudi de dimensionament del servei encarregat pel mateix Consorci \u2014que, ha recordat, ha arribat amb nou mesos de retard\u2014 confirma que \u201cel temps mitj\u00e0 de resposta a la nostra prov\u00edncia \u00e9s de quasi 13 minuts, molt per damunt dels 10 recomanats i dels 9,42 de Val\u00e8ncia\u201d. Uns minuts que, ha remarcat, \u201cpoden ser determinants en un incendi o un accident greu\u201d.<\/p>\n\n\n\n<p>El document tamb\u00e9 revela que cada bomber del CPBC ha de cobrir una superf\u00edcie molt m\u00e9s \u00e0mplia que els seus hom\u00f2legs de Val\u00e8ncia o Alacant, \u201cuna situaci\u00f3 especialment preocupant si tenim en compte que Castell\u00f3 compta amb una orografia m\u00e9s complexa i una xarxa de carreteres m\u00e9s sinuosa\u201d. Tot aix\u00f2, ha afegit, \u201camb menys efectius i pitjors mitjans, deixa les nostres comarques en clara inferioritat davant d\u2019una emerg\u00e8ncia\u201d.<\/p>\n\n\n\n<p>La diputada socialista ha qualificat aquesta situaci\u00f3 d\u2019\u201cinsostenible\u201d i ha instat el PP de la Diputaci\u00f3 a \u201cpassar de les paraules als fets\u201d amb inversions reals i calendaritzades per a refor\u00e7ar els recursos humans i materials del servei.<\/p>\n\n\n\n<p><strong>Cr\u00edtiques a un informe \u201ctard\u00e0 i amb errors\u201d<br><\/strong>Jim\u00e9nez ha criticat que l\u2019informe, a m\u00e9s d\u2019arribar tard, \u201ccont\u00e9 dades incorrectes i comparacions desfasades amb altres consorcis, cosa que desvirtua completament les seues conclusions\u201d. \u201cSi partim de dades falses, tot el que se\u2019n deriva \u00e9s inexacte\u201d, ha advertit.<\/p>\n\n\n\n<p>En aquest sentit, ha remarcat que \u201ccalen m\u00e9s recursos i un nou parc de bombers per a millorar els temps d\u2019actuaci\u00f3, per\u00f2 tamb\u00e9 gestors que s\u00e0piguen comandar amb criteri i responsabilitat un servei tan essencial com el dels bombers\u201d.<\/p>\n\n\n\n<p>La diputada socialista ha recordat, a m\u00e9s, que els bombers de la Diputaci\u00f3 disposen de maletins per a obrir portes en emerg\u00e8ncies adquirits fa m\u00e9s d\u2019un any, \u201cper\u00f2 continuen sense poder utilitzar-los perqu\u00e8 no s\u2019ha impartit la formaci\u00f3 necess\u00e0ria al personal\u201d. \u201cMentrestant, els bombers continuen obrint portes amb botelles. \u00c9s vergony\u00f3s i demostra fins a quin punt han convertit la gesti\u00f3 del servei en un aut\u00e8ntic caos\u201d, ha concl\u00f2s.<\/p>\n","protected":false},"excerpt":{"rendered":"<p>El PSPV-PSOE ha advertit aquest dijous que &#8220;Castell\u00f3 \u00e9s la prov\u00edncia amb la pitjor r\u00e0tio de bombers per habitant i el pitjor temps de resposta davant emerg\u00e8ncies de tota la Comunitat Valenciana&#8221;. La diputada provincial Maria Jim\u00e9nez ha atribu\u00eft aquest \u201cdeshonor\u201d a la \u201cdeixadesa pol\u00edtica i falta de criteri professional\u201d de l\u2019equip de govern del &#8230; <a title=\"El PSPV-PSOE alerta que &#8220;Castell\u00f3 t\u00e9 la pitjor r\u00e0tio de bombers per habitant i el pitjor temps de resposta de tota la Comunitat Valenciana&#8221;\" class=\"read-more\" href=\"https:\/\/elcafedepipa.com\/index.php\/2025\/10\/27\/el-pspv-psoe-alerta-que-castello-te-la-pitjor-ratio-de-bombers-per-habitant-i-el-pitjor-temps-de-resposta-de-tota-la-comunitat-valenciana\/\" aria-label=\"M\u00e9s informaci\u00f3 sobre El PSPV-PSOE alerta que &#8220;Castell\u00f3 t\u00e9 la pitjor r\u00e0tio de bombers per habitant i el pitjor temps de resposta de tota la Comunitat Valenciana&#8221;\">Read more<\/a><\/p>\n","protected":false},"author":2,"featured_media":18337,"comment_status":"closed","ping_status":"closed","sticky":false,"template":"","format":"standard","meta":{"om_disable_all_campaigns":false,"_monsterinsights_skip_tracking":false,"_monsterinsights_sitenote_active":false,"_monsterinsights_sitenote_note":"","_monsterinsights_sitenote_category":0,"_uf_show_specific_survey":0,"_uf_disable_surveys":false,"footnotes":""},"categories":[10],"tags":[],"class_list":["post-18336","post","type-post","status-publish","format-standard","has-post-thumbnail","hentry","category-provinciadecastello"],"_links":{"self":[{"href":"https:\/\/elcafedepipa.com\/index.php\/wp-json\/wp\/v2\/posts\/18336","targetHints":{"allow":["GET"]}}],"collection":[{"href":"https:\/\/elcafedepipa.com\/index.php\/wp-json\/wp\/v2\/posts"}],"about":[{"href":"https:\/\/elcafedepipa.com\/index.php\/wp-json\/wp\/v2\/types\/post"}],"author":[{"embeddable":true,"href":"https:\/\/elcafedepipa.com\/index.php\/wp-json\/wp\/v2\/users\/2"}],"replies":[{"embeddable":true,"href":"https:\/\/elcafedepipa.com\/index.php\/wp-json\/wp\/v2\/comments?post=18336"}],"version-history":[{"count":1,"href":"https:\/\/elcafedepipa.com\/index.php\/wp-json\/wp\/v2\/posts\/18336\/revisions"}],"predecessor-version":[{"id":18338,"href":"https:\/\/elcafedepipa.com\/index.php\/wp-json\/wp\/v2\/posts\/18336\/revisions\/18338"}],"wp:featuredmedia":[{"embeddable":true,"href":"https:\/\/elcafedepipa.com\/index.php\/wp-json\/wp\/v2\/media\/18337"}],"wp:attachment":[{"href":"https:\/\/elcafedepipa.com\/index.php\/wp-json\/wp\/v2\/media?parent=18336"}],"wp:term":[{"taxonomy":"category","embeddable":true,"href":"https:\/\/elcafedepipa.com\/index.php\/wp-json\/wp\/v2\/categories?post=18336"},{"taxonomy":"post_tag","embeddable":true,"href":"https:\/\/elcafedepipa.com\/index.php\/wp-json\/wp\/v2\/tags?post=18336"}],"curies":[{"name":"wp","href":"https:\/\/api.w.org\/{rel}","templated":true}]}}