{"id":18325,"date":"2025-10-27T11:48:04","date_gmt":"2025-10-27T10:48:04","guid":{"rendered":"https:\/\/elcafedepipa.com\/?p=18325"},"modified":"2025-10-27T11:48:05","modified_gmt":"2025-10-27T10:48:05","slug":"la-sort-li-dona-lesquena-a-la-ude","status":"publish","type":"post","link":"https:\/\/elcafedepipa.com\/index.php\/2025\/10\/27\/la-sort-li-dona-lesquena-a-la-ude\/","title":{"rendered":"La sort li d\u00f3na l&#8217;esquena a la UDE"},"content":{"rendered":"\n<p>Si en la passada jornada a la UDE se li va escapar un punt en el minut 92, aquest diumenge se li\u2019n van anar els tres en el 89. L\u2019equip de Jos\u00e9 Manuel Descalzo va fer el m\u00e9s dif\u00edcil, avan\u00e7ar-se en el marcador, per\u00f2 un gol quasi amb el temps complit va privar als locals de sumar els tres punts davant el filial de l\u2019H\u00e8rcules CF d\u2019Alacant.<\/p>\n\n\n\n<p>A la UDE se li est\u00e0 <strong>fent costa amunt jugar al seu estadi<\/strong> en aquest inici de temporada. Amb el d\u2019ahir, ja s\u00f3n <strong>tres partits consecutius sense guanyar com a local<\/strong>, amb nom\u00e9s <strong>dos punts de nou possibles<\/strong>.<\/p>\n\n\n\n<p>L\u2019equip valldeuxenc va comen\u00e7ar <strong>molt concentrat<\/strong> en el partit, dominant la possessi\u00f3 i generant les ocasions m\u00e9s clares durant la primera part. <strong>Ricar Ca\u00f1ada<\/strong> va rematar fora per poc una falta lateral, mentre que <strong>Ximo Forner<\/strong> va enviar un llan\u00e7ament indirecte per damunt del travesser. Tamb\u00e9 van destacar algunes internades amb perill per la banda dreta.<\/p>\n\n\n\n<p>Despr\u00e9s del descans, el domini local ja no va ser tan clar i l\u2019H\u00e8rcules \u201cB\u201d va gaudir d\u2019un bon inici de segona part, tot i que sense crear un perill real sobre la porteria blanquiblava. A mesura que avan\u00e7aven els minuts, la UDE va recuperar la iniciativa i el control del joc.<\/p>\n\n\n\n<p>En el <strong>minut 62<\/strong>, un c\u00f3rner tret per Ximo Forner des de la dreta va acabar amb <strong>un defensor alacant\u00ed introduint-se el bal\u00f3 en pr\u00f2pia porta<\/strong>, posant l\u20191-0 al marcador.<\/p>\n\n\n\n<p>Amb avantatge i empentats per la seua afici\u00f3, els locals van viure els seus <strong>millors minuts de joc<\/strong>, i <strong>Gonza<\/strong> va tindre una clara ocasi\u00f3 per fer el 2-0 i encarrilar la vict\u00f2ria, per\u00f2 no va poder ser.<\/p>\n\n\n\n<p>Quan el rellotge del <strong>Vell Segarra<\/strong> s\u2019apropava al minut 90, els visitants van comen\u00e7ar a estirar l\u00ednies. L\u2019\u00e0rbitre, amb diverses decisions pol\u00e8miques, es va convertir en el <strong>protagonista negatiu<\/strong> del tram final. Ricar Ca\u00f1ada va veure la <strong>segona targeta groga<\/strong> i la UDE es va quedar amb un jugador menys.<\/p>\n\n\n\n<p>En el <strong>minut 89<\/strong>, una <strong>falta molt dubtosa al l\u00edmit de l\u2019\u00e0rea<\/strong> va acabar amb el <strong>gol de l\u2019empat<\/strong> de l\u2019H\u00e8rcules. Amb inferioritat num\u00e8rica i sense forces, la UDE ja no va poder reaccionar i es va haver de conformar amb un <strong>trist i immerescut empat<\/strong> davant la seua afici\u00f3.<\/p>\n","protected":false},"excerpt":{"rendered":"<p>Si en la passada jornada a la UDE se li va escapar un punt en el minut 92, aquest diumenge se li\u2019n van anar els tres en el 89. L\u2019equip de Jos\u00e9 Manuel Descalzo va fer el m\u00e9s dif\u00edcil, avan\u00e7ar-se en el marcador, per\u00f2 un gol quasi amb el temps complit va privar als locals &#8230; <a title=\"La sort li d\u00f3na l&#8217;esquena a la UDE\" class=\"read-more\" href=\"https:\/\/elcafedepipa.com\/index.php\/2025\/10\/27\/la-sort-li-dona-lesquena-a-la-ude\/\" aria-label=\"M\u00e9s informaci\u00f3 sobre La sort li d\u00f3na l&#8217;esquena a la UDE\">Read more<\/a><\/p>\n","protected":false},"author":2,"featured_media":18326,"comment_status":"closed","ping_status":"closed","sticky":false,"template":"","format":"standard","meta":{"om_disable_all_campaigns":false,"_monsterinsights_skip_tracking":false,"_monsterinsights_sitenote_active":false,"_monsterinsights_sitenote_note":"","_monsterinsights_sitenote_category":0,"_uf_show_specific_survey":0,"_uf_disable_surveys":false,"footnotes":""},"categories":[2],"tags":[],"class_list":["post-18325","post","type-post","status-publish","format-standard","has-post-thumbnail","hentry","category-lavallduixo"],"_links":{"self":[{"href":"https:\/\/elcafedepipa.com\/index.php\/wp-json\/wp\/v2\/posts\/18325","targetHints":{"allow":["GET"]}}],"collection":[{"href":"https:\/\/elcafedepipa.com\/index.php\/wp-json\/wp\/v2\/posts"}],"about":[{"href":"https:\/\/elcafedepipa.com\/index.php\/wp-json\/wp\/v2\/types\/post"}],"author":[{"embeddable":true,"href":"https:\/\/elcafedepipa.com\/index.php\/wp-json\/wp\/v2\/users\/2"}],"replies":[{"embeddable":true,"href":"https:\/\/elcafedepipa.com\/index.php\/wp-json\/wp\/v2\/comments?post=18325"}],"version-history":[{"count":2,"href":"https:\/\/elcafedepipa.com\/index.php\/wp-json\/wp\/v2\/posts\/18325\/revisions"}],"predecessor-version":[{"id":18332,"href":"https:\/\/elcafedepipa.com\/index.php\/wp-json\/wp\/v2\/posts\/18325\/revisions\/18332"}],"wp:featuredmedia":[{"embeddable":true,"href":"https:\/\/elcafedepipa.com\/index.php\/wp-json\/wp\/v2\/media\/18326"}],"wp:attachment":[{"href":"https:\/\/elcafedepipa.com\/index.php\/wp-json\/wp\/v2\/media?parent=18325"}],"wp:term":[{"taxonomy":"category","embeddable":true,"href":"https:\/\/elcafedepipa.com\/index.php\/wp-json\/wp\/v2\/categories?post=18325"},{"taxonomy":"post_tag","embeddable":true,"href":"https:\/\/elcafedepipa.com\/index.php\/wp-json\/wp\/v2\/tags?post=18325"}],"curies":[{"name":"wp","href":"https:\/\/api.w.org\/{rel}","templated":true}]}}