{"id":18318,"date":"2025-10-27T11:40:57","date_gmt":"2025-10-27T10:40:57","guid":{"rendered":"https:\/\/elcafedepipa.com\/?p=18318"},"modified":"2025-10-27T11:40:58","modified_gmt":"2025-10-27T10:40:58","slug":"la-unio-cuantifica-en-mas-de-214-000-toneladas-la-perdida-de-capacidad-productiva-en-los-cultivos-por-la-dana-con-un-valor-de-mas-de-103-millones","status":"publish","type":"post","link":"https:\/\/elcafedepipa.com\/index.php\/2025\/10\/27\/la-unio-cuantifica-en-mas-de-214-000-toneladas-la-perdida-de-capacidad-productiva-en-los-cultivos-por-la-dana-con-un-valor-de-mas-de-103-millones\/","title":{"rendered":"LA UNI\u00d3 cuantifica en m\u00e1s de 214.000 toneladas la p\u00e9rdida de capacidad productiva en los cultivos por la dana con un valor de m\u00e1s de 103 millones"},"content":{"rendered":"\n<p>Ha pasado un a\u00f1o desde la catastr\u00f3fica dana y La Uni\u00f3 Llauradora i Ramadera estima que existen unas 214.200 toneladas de p\u00e9rdida de capacidad productiva en los diferentes cultivos con un valor de 103,6 millones de euros. Es una cantidad que no ingresar\u00e1n los productores afectados de la Comunitat Valenciana en los principales cultivos que se vieron m\u00e1s perjudicados como es el caso de los c\u00edtricos, caqui, vi\u00f1a, olivar, frutos secos, frutales, hortalizas y viveros de flor y planta ornamental.<\/p>\n\n\n\n<p>Pese a la magnitud de estos datos, mediante Resoluci\u00f3n del 14 de octubre, el DOGV del 17 de octubre publicaba la eliminaci\u00f3n por parte del Consell de una l\u00ednea presupuestaria de 26,7 millones de euros para recuperar la capacidad productiva de las parcelas agr\u00edcolas afectadas por la dana y que estaba aprobada en los presupuestos para 2025 de la Generalitat. La partida se redirige ahora a otras finalidades, incumpliendo as\u00ed el mandato de Les Corts y sin consultar tampoco a las organizaciones profesionales agrarias que participaron en la primera fase de elaboraci\u00f3n de la normativa de las ayudas.<\/p>\n\n\n\n<p>LA UNI\u00d3 califica de indignante esta decisi\u00f3n y reclama que en el presupuesto de 2026 se incremente la dotaci\u00f3n hasta los 35 millones de euros, para garantizar la cobertura de todas las necesidades derivadas de la cat\u00e1strofe y evitar que el sector agrario vuelva a ser v\u00edctima recurrente de estas decisiones presupuestarias injustas. Adem\u00e1s, exige que la tramitaci\u00f3n de la normativa empiece de manera inmediata, con la publicaci\u00f3n de la orden de bases y la convocatoria de las ayudas a principios de 2026.<\/p>\n\n\n\n<p>En este sentido, la organizaci\u00f3n pide que la l\u00ednea de ayudas sea espec\u00edfica, al margen del r\u00e9gimen de minimis; que se incluyan como beneficiarios los j\u00f3venes agricultores que hayan heredado o arrendado parcelas afectadas, aunque no fueran titulares en el momento de la dana; que la prioridad en la concesi\u00f3n sea para los agricultores profesionales y j\u00f3venes profesionales, y posteriormente el resto de solicitantes; que las ayudas no se limiten exclusivamente a los cultivos le\u00f1osos, sino que incluyan tambi\u00e9n el resto de cultivos y explotaciones ganaderos afectadas; que se reconozca como elegibles las inversiones ya realizadas en replantaciones inmediatamente despu\u00e9s de la dana y que la intensidad de la ayuda sea suficiente para cubrir el coste real de recuperaci\u00f3n seg\u00fan el tipo de cultivo.<\/p>\n\n\n\n<p>LA UNI\u00d3 considera que un a\u00f1o despu\u00e9s de la&nbsp;dana, la recuperaci\u00f3n es muy desigual. Hay explotaciones agr\u00edcolas que han podido rehacerse parcialmente gracias a las ayudas, a las actuaciones de&nbsp;Tragsa&nbsp;y al esfuerzo de los agricultores y a la solidaridad del sector, pero en muchas zonas las infraestructuras agrarias -como por ejemplo caminos, acequias o sistemas de riego- siguen sin estar plenamente operativas. Adem\u00e1s, las ayudas p\u00fablicas llegan con bastante lentitud.<\/p>\n\n\n\n<p>Las ayudas directas de las administraciones que llegaron al principio y las indemnizaciones de&nbsp;Agroseguro&nbsp;fueron un apoyo necesario para iniciar la recuperaci\u00f3n, pero claramente insuficientes para compensar la magnitud de los da\u00f1os porque hay que tener en cuenta que la mayor\u00eda de ellas han sido establecidas con el r\u00e9gimen de minimis y por tanto, la ayuda m\u00e1xima a la que ha podido acceder un agricultor o ganadero afectado es de 25.000 euros, totalmente insuficiente para recuperar sus explotaciones con garant\u00edas suficientes para recuperar la capacidad productiva.<\/p>\n\n\n\n<p>Carles Peris, secretario general de LA UNI\u00d3, indica que \u201cha faltado una respuesta m\u00e1s \u00e1gil y coordinada por parte de la Administraci\u00f3n auton\u00f3mica y estatal. Muchas explotaciones han tenido que afrontar con sus propios recursos la reposici\u00f3n de cultivos, maquinaria o infraestructuras da\u00f1adas, y esto ha supuesto un sobreesfuerzo econ\u00f3mico enorme. En definitiva, se ha avanzado, pero no con la rapidez ni con el apoyo estructural que el campo necesita ante un escenario clim\u00e1tico cada vez m\u00e1s adverso\u201d.<\/p>\n\n\n\n<p><strong>El 6% de las parcelas agr\u00edcolas afectadas por la dana, todav\u00eda en el limbo<\/strong><\/p>\n\n\n\n<p>LA UNI\u00d3 denuncia el limbo administrativo en el que se encuentran alrededor del 6% de las parcelas afectadas por la dana, las que habr\u00eda incorporado el Gobierno al Dominio P\u00fablico Hidr\u00e1ulico (DPH) y cuyos propietarios no saben cu\u00e1ndo cobrar\u00e1n las ayudas ni lo que les corresponder\u00e1. La organizaci\u00f3n ha solicitado al Ministerio para la Transici\u00f3n Ecol\u00f3gica y el Reto Demogr\u00e1fico (MITECO) que resuelva todas esas incertidumbres y adem\u00e1s garantice los derechos de los propietarios.<\/p>\n\n\n\n<p>Numerosas parcelas con actividad agraria consolidada, algunas con derechos reconocidos dentro de la PAC y otras incluso con autorizaciones de riego, van a ser incorporadas al Dominio P\u00fablico Hidr\u00e1ulico, lo que les va a causar un enorme impacto econ\u00f3mico y jur\u00eddico.<\/p>\n\n\n\n<p>Peris se\u00f1ala que \u201cno existe claridad administrativa y jur\u00eddica en esas parcelas que deber\u00edan incorporarse al visor SIGPAC, de forma que los agricultores puedan conocer de forma sencilla y transparente la situaci\u00f3n legal de sus parcelas, as\u00ed como disponen de una informaci\u00f3n previa individualizada y la posibilidad de consulta y alegaci\u00f3n\u201d.<\/p>\n\n\n\n<p>LA UNI\u00d3 reclama al Ministerio tambi\u00e9n una compensaci\u00f3n econ\u00f3mica justa que contemple el valor del suelo, la p\u00e9rdida productiva y los da\u00f1os ocasionados. Pide mantener los derechos de la PAC y de plantaci\u00f3n de vi\u00f1edo a nombre de los agricultores afectados para su futura reactivaci\u00f3n en otras parcelas. Adem\u00e1s, solicita conservar los derechos de riego y permitir su traslado a terrenos de sustituci\u00f3n, garantizando tambi\u00e9n nuevas autorizaciones equivalentes para pozos individuales.<\/p>\n","protected":false},"excerpt":{"rendered":"<p>Ha pasado un a\u00f1o desde la catastr\u00f3fica dana y La Uni\u00f3 Llauradora i Ramadera estima que existen unas 214.200 toneladas de p\u00e9rdida de capacidad productiva en los diferentes cultivos con un valor de 103,6 millones de euros. Es una cantidad que no ingresar\u00e1n los productores afectados de la Comunitat Valenciana en los principales cultivos que &#8230; <a title=\"LA UNI\u00d3 cuantifica en m\u00e1s de 214.000 toneladas la p\u00e9rdida de capacidad productiva en los cultivos por la dana con un valor de m\u00e1s de 103 millones\" class=\"read-more\" href=\"https:\/\/elcafedepipa.com\/index.php\/2025\/10\/27\/la-unio-cuantifica-en-mas-de-214-000-toneladas-la-perdida-de-capacidad-productiva-en-los-cultivos-por-la-dana-con-un-valor-de-mas-de-103-millones\/\" aria-label=\"M\u00e9s informaci\u00f3 sobre LA UNI\u00d3 cuantifica en m\u00e1s de 214.000 toneladas la p\u00e9rdida de capacidad productiva en los cultivos por la dana con un valor de m\u00e1s de 103 millones\">Read more<\/a><\/p>\n","protected":false},"author":2,"featured_media":18320,"comment_status":"closed","ping_status":"closed","sticky":false,"template":"","format":"standard","meta":{"om_disable_all_campaigns":false,"_monsterinsights_skip_tracking":false,"_monsterinsights_sitenote_active":false,"_monsterinsights_sitenote_note":"","_monsterinsights_sitenote_category":0,"_uf_show_specific_survey":0,"_uf_disable_surveys":false,"footnotes":""},"categories":[11],"tags":[],"class_list":["post-18318","post","type-post","status-publish","format-standard","has-post-thumbnail","hentry","category-comunitatvalenciana"],"_links":{"self":[{"href":"https:\/\/elcafedepipa.com\/index.php\/wp-json\/wp\/v2\/posts\/18318","targetHints":{"allow":["GET"]}}],"collection":[{"href":"https:\/\/elcafedepipa.com\/index.php\/wp-json\/wp\/v2\/posts"}],"about":[{"href":"https:\/\/elcafedepipa.com\/index.php\/wp-json\/wp\/v2\/types\/post"}],"author":[{"embeddable":true,"href":"https:\/\/elcafedepipa.com\/index.php\/wp-json\/wp\/v2\/users\/2"}],"replies":[{"embeddable":true,"href":"https:\/\/elcafedepipa.com\/index.php\/wp-json\/wp\/v2\/comments?post=18318"}],"version-history":[{"count":1,"href":"https:\/\/elcafedepipa.com\/index.php\/wp-json\/wp\/v2\/posts\/18318\/revisions"}],"predecessor-version":[{"id":18321,"href":"https:\/\/elcafedepipa.com\/index.php\/wp-json\/wp\/v2\/posts\/18318\/revisions\/18321"}],"wp:featuredmedia":[{"embeddable":true,"href":"https:\/\/elcafedepipa.com\/index.php\/wp-json\/wp\/v2\/media\/18320"}],"wp:attachment":[{"href":"https:\/\/elcafedepipa.com\/index.php\/wp-json\/wp\/v2\/media?parent=18318"}],"wp:term":[{"taxonomy":"category","embeddable":true,"href":"https:\/\/elcafedepipa.com\/index.php\/wp-json\/wp\/v2\/categories?post=18318"},{"taxonomy":"post_tag","embeddable":true,"href":"https:\/\/elcafedepipa.com\/index.php\/wp-json\/wp\/v2\/tags?post=18318"}],"curies":[{"name":"wp","href":"https:\/\/api.w.org\/{rel}","templated":true}]}}