{"id":18313,"date":"2025-10-27T10:58:03","date_gmt":"2025-10-27T09:58:03","guid":{"rendered":"https:\/\/elcafedepipa.com\/?p=18313"},"modified":"2025-10-27T10:58:04","modified_gmt":"2025-10-27T09:58:04","slug":"mobilitzen-un-dispositiu-especial-de-recerca-per-la-desaparicio-dun-vei-que-frequentava-la-zona-dalfondeguilla","status":"publish","type":"post","link":"https:\/\/elcafedepipa.com\/index.php\/2025\/10\/27\/mobilitzen-un-dispositiu-especial-de-recerca-per-la-desaparicio-dun-vei-que-frequentava-la-zona-dalfondeguilla\/","title":{"rendered":"Mobilitzen un dispositiu especial de recerca per la desaparici\u00f3 d\u2019un ve\u00ed que freq\u00fcentava la zona d\u2019Alfondeguilla"},"content":{"rendered":"\n<p>Els <strong>Bombers de la Diputaci\u00f3 de Castell\u00f3<\/strong> han mobilitzat este dissabte un ampli dispositiu de recerca per a localitzar un <strong>home desaparegut a la Vall d\u2019Uix\u00f3<\/strong>, despr\u00e9s d\u2019una <strong>sol\u00b7licitud d\u2019actuaci\u00f3 de la Gu\u00e0rdia Civil<\/strong>.<\/p>\n\n\n\n<p>Segons les primeres informacions, la persona desapareguda <strong>solia freq\u00fcentar la zona d\u2019Alfondeguilla<\/strong>, on se centra actualment l\u2019operatiu de cerca.<\/p>\n\n\n\n<p>En el dispositiu participen diversos mitjans de <strong>Bombers Dipcas<\/strong>, entre ells <strong>una dotaci\u00f3 terrestre<\/strong>, <strong>l\u2019equip URM (Unitat de Rescat de Muntanya)<\/strong> i <strong>una unitat de comandament<\/strong>. A m\u00e9s, s\u2019han incorporat <strong>dues unitats de bombers forestals de la Generalitat Valenciana<\/strong>, aix\u00ed com la <strong>Unitat Canina de Protecci\u00f3 Civil<\/strong> de la Diputaci\u00f3 de Castell\u00f3.<\/p>\n\n\n\n<p>Els efectius continuen treballant a la zona amb el suport dels cossos de seguretat i voluntaris locals per a intentar localitzar al desaparegut al m\u00e9s prompte possible.<\/p>\n","protected":false},"excerpt":{"rendered":"<p>Els Bombers de la Diputaci\u00f3 de Castell\u00f3 han mobilitzat este dissabte un ampli dispositiu de recerca per a localitzar un home desaparegut a la Vall d\u2019Uix\u00f3, despr\u00e9s d\u2019una sol\u00b7licitud d\u2019actuaci\u00f3 de la Gu\u00e0rdia Civil. Segons les primeres informacions, la persona desapareguda solia freq\u00fcentar la zona d\u2019Alfondeguilla, on se centra actualment l\u2019operatiu de cerca. En el &#8230; <a title=\"Mobilitzen un dispositiu especial de recerca per la desaparici\u00f3 d\u2019un ve\u00ed que freq\u00fcentava la zona d\u2019Alfondeguilla\" class=\"read-more\" href=\"https:\/\/elcafedepipa.com\/index.php\/2025\/10\/27\/mobilitzen-un-dispositiu-especial-de-recerca-per-la-desaparicio-dun-vei-que-frequentava-la-zona-dalfondeguilla\/\" aria-label=\"M\u00e9s informaci\u00f3 sobre Mobilitzen un dispositiu especial de recerca per la desaparici\u00f3 d\u2019un ve\u00ed que freq\u00fcentava la zona d\u2019Alfondeguilla\">Read more<\/a><\/p>\n","protected":false},"author":2,"featured_media":18314,"comment_status":"closed","ping_status":"closed","sticky":false,"template":"","format":"standard","meta":{"om_disable_all_campaigns":false,"_monsterinsights_skip_tracking":false,"_monsterinsights_sitenote_active":false,"_monsterinsights_sitenote_note":"","_monsterinsights_sitenote_category":0,"_uf_show_specific_survey":0,"_uf_disable_surveys":false,"footnotes":""},"categories":[2],"tags":[],"class_list":["post-18313","post","type-post","status-publish","format-standard","has-post-thumbnail","hentry","category-lavallduixo"],"_links":{"self":[{"href":"https:\/\/elcafedepipa.com\/index.php\/wp-json\/wp\/v2\/posts\/18313","targetHints":{"allow":["GET"]}}],"collection":[{"href":"https:\/\/elcafedepipa.com\/index.php\/wp-json\/wp\/v2\/posts"}],"about":[{"href":"https:\/\/elcafedepipa.com\/index.php\/wp-json\/wp\/v2\/types\/post"}],"author":[{"embeddable":true,"href":"https:\/\/elcafedepipa.com\/index.php\/wp-json\/wp\/v2\/users\/2"}],"replies":[{"embeddable":true,"href":"https:\/\/elcafedepipa.com\/index.php\/wp-json\/wp\/v2\/comments?post=18313"}],"version-history":[{"count":1,"href":"https:\/\/elcafedepipa.com\/index.php\/wp-json\/wp\/v2\/posts\/18313\/revisions"}],"predecessor-version":[{"id":18315,"href":"https:\/\/elcafedepipa.com\/index.php\/wp-json\/wp\/v2\/posts\/18313\/revisions\/18315"}],"wp:featuredmedia":[{"embeddable":true,"href":"https:\/\/elcafedepipa.com\/index.php\/wp-json\/wp\/v2\/media\/18314"}],"wp:attachment":[{"href":"https:\/\/elcafedepipa.com\/index.php\/wp-json\/wp\/v2\/media?parent=18313"}],"wp:term":[{"taxonomy":"category","embeddable":true,"href":"https:\/\/elcafedepipa.com\/index.php\/wp-json\/wp\/v2\/categories?post=18313"},{"taxonomy":"post_tag","embeddable":true,"href":"https:\/\/elcafedepipa.com\/index.php\/wp-json\/wp\/v2\/tags?post=18313"}],"curies":[{"name":"wp","href":"https:\/\/api.w.org\/{rel}","templated":true}]}}