{"id":1831,"date":"2024-06-04T13:48:00","date_gmt":"2024-06-04T11:48:00","guid":{"rendered":"https:\/\/elcafedepipa.com\/?p=1831"},"modified":"2024-06-04T13:46:20","modified_gmt":"2024-06-04T11:46:20","slug":"el-dissabte-3-dagost-se-celebrara-la-xi-edicio-de-la-volta-a-peu-a-la-platja-casablanca-dalmenara","status":"publish","type":"post","link":"https:\/\/elcafedepipa.com\/index.php\/2024\/06\/04\/el-dissabte-3-dagost-se-celebrara-la-xi-edicio-de-la-volta-a-peu-a-la-platja-casablanca-dalmenara\/","title":{"rendered":"El dissabte 3 d&#8217;agost se celebrar\u00e0 la XI edici\u00f3 de la Volta a Peu a la Platja Casablanca d&#8217;Almenara"},"content":{"rendered":"\n<p style=\"font-size:24px\"><strong>A partir del divendres 7 de juny estaran obertes les inscripcions en Sportmaniacs<\/strong><\/p>\n\n\n\n<p>La XL edici\u00f3 de la Volta a Peu a la Platja Casablanca d\u2019Almenara se celebrar\u00e0 el dissabte 3 d&#8217;agost a partir de les 20 hores. Enguany la prova tindr\u00e0 un car\u00e0cter especial, perqu\u00e8 es commemora el quarant\u00e9 aniversari de la carrera, una de les m\u00e9s veteranes del circuit, que compta any rere any amb un gran nombre de participants. Les inscripcions per a participar en la Volta a Peu a la Platja Casablanca 2024 podran realitzar-se a partir del pr\u00f2xim divendres 7 de juny a trav\u00e9s del web Sportmaniacs, on tamb\u00e9 figurar\u00e0 el reglament. Les inscripcions es podran realitzar fins al 31 de juliol.<\/p>\n\n\n\n<p>Com \u00e9s tradicional en els \u00faltims anys, la prova comptar\u00e0 amb un recorregut de 5 km pel nucli mar\u00edtim amb eixida i meta en l&#8217;Avinguda Mediterrani. Com de costum hi haur\u00e0 borsa del corredor i corredora, amb la samarreta commemorativa inclosa. No faltar\u00e0 tampoc el gran avituallament final, aix\u00ed com l&#8217;ambientaci\u00f3 musical al llarg del recorregut.<\/p>\n\n\n\n<p>Enguany, amb motiu del 40 aniversari de la prova, s&#8217;ha realitzat una medalla especial commemorativa, que rebran els i les atletes participants en travessar la l\u00ednia de meta acabant la prova despr\u00e9s de completar el circuit de 5 km. A m\u00e9s, hi haur\u00e0 un premi especial per superar els r\u00e8cords masculins i femenins de la prova. Tamb\u00e9 hi haur\u00e0 una classificaci\u00f3 per equips nova, aix\u00ed com un pernil per a cadascun dels clubs que com a m\u00ednim 15 dels seus atletes finalitzen la prova.<\/p>\n\n\n\n<p><strong>CARRERES PER A XIQUETS I XIQUETES<\/strong><\/p>\n\n\n\n<p>Enguany es recuperen les carreres per categories per a xiquets i xiquetes que es realitzaran en els voltants del circuit. Seran el mateix dia, 3 d&#8217;agost, a partir de les 19 hores. Les inscripcions seran gratu\u00eftes i es realitzaran abans de la prova en la l\u00ednia de meta.<\/p>\n\n\n\n<p>El regidor d&#8217;Esports d&#8217;Almenara, Lorenzo Vicent, ha destacat: \u201cEnguany estem preparant amb molta il\u00b7lusi\u00f3 la Volta a Peu a la Platja Casablanca per a celebrar el 40 aniversari de la prova, una de les primeres que es van realitzar, i que cada any compta amb m\u00e9s atletes. Convidem a la participaci\u00f3 en una Volta a la Platja que ser\u00e0 especial i espectacular\u201d.<\/p>\n","protected":false},"excerpt":{"rendered":"<p>A partir del divendres 7 de juny estaran obertes les inscripcions en Sportmaniacs La XL edici\u00f3 de la Volta a Peu a la Platja Casablanca d\u2019Almenara se celebrar\u00e0 el dissabte 3 d&#8217;agost a partir de les 20 hores. Enguany la prova tindr\u00e0 un car\u00e0cter especial, perqu\u00e8 es commemora el quarant\u00e9 aniversari de la carrera, una &#8230; <a title=\"El dissabte 3 d&#8217;agost se celebrar\u00e0 la XI edici\u00f3 de la Volta a Peu a la Platja Casablanca d&#8217;Almenara\" class=\"read-more\" href=\"https:\/\/elcafedepipa.com\/index.php\/2024\/06\/04\/el-dissabte-3-dagost-se-celebrara-la-xi-edicio-de-la-volta-a-peu-a-la-platja-casablanca-dalmenara\/\" aria-label=\"M\u00e9s informaci\u00f3 sobre El dissabte 3 d&#8217;agost se celebrar\u00e0 la XI edici\u00f3 de la Volta a Peu a la Platja Casablanca d&#8217;Almenara\">Read more<\/a><\/p>\n","protected":false},"author":2,"featured_media":1832,"comment_status":"closed","ping_status":"closed","sticky":false,"template":"","format":"standard","meta":{"om_disable_all_campaigns":false,"_monsterinsights_skip_tracking":false,"_monsterinsights_sitenote_active":false,"_monsterinsights_sitenote_note":"","_monsterinsights_sitenote_category":0,"_uf_show_specific_survey":0,"_uf_disable_surveys":false,"footnotes":""},"categories":[5],"tags":[],"class_list":["post-1831","post","type-post","status-publish","format-standard","has-post-thumbnail","hentry","category-almenara"],"_links":{"self":[{"href":"https:\/\/elcafedepipa.com\/index.php\/wp-json\/wp\/v2\/posts\/1831","targetHints":{"allow":["GET"]}}],"collection":[{"href":"https:\/\/elcafedepipa.com\/index.php\/wp-json\/wp\/v2\/posts"}],"about":[{"href":"https:\/\/elcafedepipa.com\/index.php\/wp-json\/wp\/v2\/types\/post"}],"author":[{"embeddable":true,"href":"https:\/\/elcafedepipa.com\/index.php\/wp-json\/wp\/v2\/users\/2"}],"replies":[{"embeddable":true,"href":"https:\/\/elcafedepipa.com\/index.php\/wp-json\/wp\/v2\/comments?post=1831"}],"version-history":[{"count":0,"href":"https:\/\/elcafedepipa.com\/index.php\/wp-json\/wp\/v2\/posts\/1831\/revisions"}],"wp:featuredmedia":[{"embeddable":true,"href":"https:\/\/elcafedepipa.com\/index.php\/wp-json\/wp\/v2\/media\/1832"}],"wp:attachment":[{"href":"https:\/\/elcafedepipa.com\/index.php\/wp-json\/wp\/v2\/media?parent=1831"}],"wp:term":[{"taxonomy":"category","embeddable":true,"href":"https:\/\/elcafedepipa.com\/index.php\/wp-json\/wp\/v2\/categories?post=1831"},{"taxonomy":"post_tag","embeddable":true,"href":"https:\/\/elcafedepipa.com\/index.php\/wp-json\/wp\/v2\/tags?post=1831"}],"curies":[{"name":"wp","href":"https:\/\/api.w.org\/{rel}","templated":true}]}}