{"id":18302,"date":"2025-10-24T14:42:31","date_gmt":"2025-10-24T12:42:31","guid":{"rendered":"https:\/\/elcafedepipa.com\/?p=18302"},"modified":"2025-10-24T14:42:32","modified_gmt":"2025-10-24T12:42:32","slug":"el-ple-dalmenara-demana-a-la-conselleria-de-sanitat-que-hi-haja-servei-dinfermeria-a-la-platja-casablanca-tots-els-dies-de-lany","status":"publish","type":"post","link":"https:\/\/elcafedepipa.com\/index.php\/2025\/10\/24\/el-ple-dalmenara-demana-a-la-conselleria-de-sanitat-que-hi-haja-servei-dinfermeria-a-la-platja-casablanca-tots-els-dies-de-lany\/","title":{"rendered":"El Ple d\u2019Almenara demana a la Conselleria de Sanitat que hi haja servei d\u2019infermeria a la Platja Casablanca tots els dies de l\u2019any"},"content":{"rendered":"\n<p>El <strong>Ple de l\u2019Ajuntament d\u2019Almenara<\/strong> va aprovar ahir <strong>una Declaraci\u00f3 Institucional conjunta<\/strong> dels tres grups municipals \u2014<strong>PSPV, Comprom\u00eds i PP<\/strong>\u2014 amb la finalitat de <strong>demanar a la Conselleria de Sanitat que mantinga el servei d\u2019infermeria tots els dies<\/strong> al <strong>Centre de Salut de la Platja Casablanca<\/strong>.<\/p>\n\n\n\n<p>D\u2019aquesta manera, el m\u00e0xim \u00f2rgan municipal <strong>secunda i dona suport un\u00e0nimement<\/strong> a la <strong>campanya impulsada per l\u2019Associaci\u00f3 El Ress\u00f2 de la Mar<\/strong>, que reivindica la pres\u00e8ncia permanent d\u2019aquest servei sanitari essencial.<\/p>\n\n\n\n<p>La <strong>Declaraci\u00f3 Institucional aprovada<\/strong> recull els seg\u00fcents acords:<\/p>\n\n\n\n<ol class=\"wp-block-list\">\n<li><strong>Exigir a la Conselleria de Sanitat<\/strong> que garantisca <strong>immediatament la perman\u00e8ncia di\u00e0ria del servei d\u2019infermeria<\/strong> a les platges d\u2019Almenara i Xilxes durant tot l\u2019any, <strong>sense excepcions ni excuses<\/strong>.<\/li>\n\n\n\n<li><strong>Reclamar m\u00e9s recursos humans i materials<\/strong> per a cobrir adequadament la <strong>demanda creixent i real de la poblaci\u00f3 resident<\/strong>, assegurant que <strong>cap ve\u00ed o ve\u00efna quede desat\u00e9s<\/strong>.<\/li>\n\n\n\n<li><strong>Donar suport actiu a la campanya de recollida de signatures<\/strong> impulsada per l\u2019associaci\u00f3 <strong>El Ress\u00f2 de la Mar<\/strong>, col\u00b7laborant en la difusi\u00f3 i en la <strong>pressi\u00f3 institucional<\/strong> per fer visible aquesta reivindicaci\u00f3.<\/li>\n\n\n\n<li><strong>Traslladar aquesta moci\u00f3 amb urg\u00e8ncia<\/strong> a la <strong>Conselleria de Sanitat<\/strong>, a la <strong>direcci\u00f3 del Centre de Salut de refer\u00e8ncia<\/strong> i a l\u2019<strong>Ajuntament de Xilxes<\/strong>, exigint una <strong>resposta immediata i un comprom\u00eds ferm<\/strong> per part de les institucions competents.<\/li>\n<\/ol>\n\n\n\n<p>Amb aquesta declaraci\u00f3, l\u2019Ajuntament d\u2019Almenara mostra la seua <strong>unitat i comprom\u00eds per garantir una atenci\u00f3 sanit\u00e0ria cont\u00ednua<\/strong> a la ciutadania, especialment a la zona costanera, on <strong>resideix poblaci\u00f3 durant tot l\u2019any<\/strong>.<\/p>\n","protected":false},"excerpt":{"rendered":"<p>El Ple de l\u2019Ajuntament d\u2019Almenara va aprovar ahir una Declaraci\u00f3 Institucional conjunta dels tres grups municipals \u2014PSPV, Comprom\u00eds i PP\u2014 amb la finalitat de demanar a la Conselleria de Sanitat que mantinga el servei d\u2019infermeria tots els dies al Centre de Salut de la Platja Casablanca. D\u2019aquesta manera, el m\u00e0xim \u00f2rgan municipal secunda i dona &#8230; <a title=\"El Ple d\u2019Almenara demana a la Conselleria de Sanitat que hi haja servei d\u2019infermeria a la Platja Casablanca tots els dies de l\u2019any\" class=\"read-more\" href=\"https:\/\/elcafedepipa.com\/index.php\/2025\/10\/24\/el-ple-dalmenara-demana-a-la-conselleria-de-sanitat-que-hi-haja-servei-dinfermeria-a-la-platja-casablanca-tots-els-dies-de-lany\/\" aria-label=\"M\u00e9s informaci\u00f3 sobre El Ple d\u2019Almenara demana a la Conselleria de Sanitat que hi haja servei d\u2019infermeria a la Platja Casablanca tots els dies de l\u2019any\">Read more<\/a><\/p>\n","protected":false},"author":2,"featured_media":18303,"comment_status":"closed","ping_status":"closed","sticky":false,"template":"","format":"standard","meta":{"om_disable_all_campaigns":false,"_monsterinsights_skip_tracking":false,"_monsterinsights_sitenote_active":false,"_monsterinsights_sitenote_note":"","_monsterinsights_sitenote_category":0,"_uf_show_specific_survey":0,"_uf_disable_surveys":false,"footnotes":""},"categories":[5],"tags":[],"class_list":["post-18302","post","type-post","status-publish","format-standard","has-post-thumbnail","hentry","category-almenara"],"_links":{"self":[{"href":"https:\/\/elcafedepipa.com\/index.php\/wp-json\/wp\/v2\/posts\/18302","targetHints":{"allow":["GET"]}}],"collection":[{"href":"https:\/\/elcafedepipa.com\/index.php\/wp-json\/wp\/v2\/posts"}],"about":[{"href":"https:\/\/elcafedepipa.com\/index.php\/wp-json\/wp\/v2\/types\/post"}],"author":[{"embeddable":true,"href":"https:\/\/elcafedepipa.com\/index.php\/wp-json\/wp\/v2\/users\/2"}],"replies":[{"embeddable":true,"href":"https:\/\/elcafedepipa.com\/index.php\/wp-json\/wp\/v2\/comments?post=18302"}],"version-history":[{"count":1,"href":"https:\/\/elcafedepipa.com\/index.php\/wp-json\/wp\/v2\/posts\/18302\/revisions"}],"predecessor-version":[{"id":18304,"href":"https:\/\/elcafedepipa.com\/index.php\/wp-json\/wp\/v2\/posts\/18302\/revisions\/18304"}],"wp:featuredmedia":[{"embeddable":true,"href":"https:\/\/elcafedepipa.com\/index.php\/wp-json\/wp\/v2\/media\/18303"}],"wp:attachment":[{"href":"https:\/\/elcafedepipa.com\/index.php\/wp-json\/wp\/v2\/media?parent=18302"}],"wp:term":[{"taxonomy":"category","embeddable":true,"href":"https:\/\/elcafedepipa.com\/index.php\/wp-json\/wp\/v2\/categories?post=18302"},{"taxonomy":"post_tag","embeddable":true,"href":"https:\/\/elcafedepipa.com\/index.php\/wp-json\/wp\/v2\/tags?post=18302"}],"curies":[{"name":"wp","href":"https:\/\/api.w.org\/{rel}","templated":true}]}}