{"id":18297,"date":"2025-10-24T14:40:40","date_gmt":"2025-10-24T12:40:40","guid":{"rendered":"https:\/\/elcafedepipa.com\/?p=18297"},"modified":"2025-10-24T14:40:40","modified_gmt":"2025-10-24T12:40:40","slug":"veins-de-la-colonia-san-antonio-denuncien-la-falta-de-manteniment-de-lentorn-despres-de-la-caiguda-dun-arbre","status":"publish","type":"post","link":"https:\/\/elcafedepipa.com\/index.php\/2025\/10\/24\/veins-de-la-colonia-san-antonio-denuncien-la-falta-de-manteniment-de-lentorn-despres-de-la-caiguda-dun-arbre\/","title":{"rendered":"Ve\u00efns de la Col\u00f2nia San Antonio denuncien la falta de manteniment de l\u2019entorn despr\u00e9s de la caiguda d\u2019un arbre"},"content":{"rendered":"\n<p>El <strong>Partit Popular de la Vall d\u2019Uix\u00f3<\/strong> ha fet una crida a l\u2019equip de govern que lidera <strong>Tania Ba\u00f1os<\/strong> perqu\u00e8 \u201ces pose a treballar i millore les condicions dels parcs, \u00e0rees infantils, zones esportives i espais p\u00fablics de la localitat\u201d.<\/p>\n\n\n\n<p>Aix\u00ed ho ha reclamat el portaveu del PP al municipi, <strong>Herminio Serra<\/strong>, despr\u00e9s de la <strong>caiguda d\u2019un arbre a la Col\u00f2nia San Antonio<\/strong>, al costat dels blocs de Jes\u00fas Obrero. Segons ha explicat, els ve\u00efns <strong>ja havien avisat l\u2019Ajuntament<\/strong> de l\u2019estat del mateix, \u201cper\u00f2 ning\u00fa a nivell municipal es va preocupar\u201d.<\/p>\n\n\n\n<p>\u201cHa sigut una sort que no haja hagut danys personals, per\u00f2 el problema continua sent el mateix: tenim un Ajuntament que directament <strong>no assumeix les seues obligacions<\/strong>\u201d, ha assenyalat Serra. De fet, ha remarcat que \u201caquesta no \u00e9s una situaci\u00f3 extraordin\u00e0ria ni a\u00efllada, sin\u00f3 <strong>un modus operandi que es repeteix<\/strong> en \u00e0rees p\u00fabliques, jardins, zones d\u2019oci infantils i espais esportius, com venim denunciant des de fa anys\u201d.<\/p>\n\n\n\n<p>En aquest sentit, el regidor ha fet \u201cuna crida m\u00e9s\u201d al <strong>compliment dels deures<\/strong> que \u201ccom a equip de govern, Tania Ba\u00f1os i els seus van decidir lliurement assumir quan es van presentar a les eleccions\u201d. \u201cSi hui ocupen aquest c\u00e0rrec \u00e9s per a <strong>complir amb les seues responsabilitats<\/strong> i no per a utilitzar-lo com a trampol\u00ed pol\u00edtic\u201d, ha remarcat.<\/p>\n\n\n\n<p>Finalment, Serra ha subratllat que des del PP \u201c<strong>sempre estarem al costat dels ve\u00efns<\/strong>, escoltant les seues queixes, prenent nota de les seues iniciatives i, sobretot, exercint el servei p\u00fablic, una tasca que molts a l\u2019Ajuntament de la Vall d\u2019Uix\u00f3 <strong>semblen haver oblidat per falta de pr\u00e0ctica<\/strong>\u201d.<\/p>\n","protected":false},"excerpt":{"rendered":"<p>El Partit Popular de la Vall d\u2019Uix\u00f3 ha fet una crida a l\u2019equip de govern que lidera Tania Ba\u00f1os perqu\u00e8 \u201ces pose a treballar i millore les condicions dels parcs, \u00e0rees infantils, zones esportives i espais p\u00fablics de la localitat\u201d. Aix\u00ed ho ha reclamat el portaveu del PP al municipi, Herminio Serra, despr\u00e9s de la &#8230; <a title=\"Ve\u00efns de la Col\u00f2nia San Antonio denuncien la falta de manteniment de l\u2019entorn despr\u00e9s de la caiguda d\u2019un arbre\" class=\"read-more\" href=\"https:\/\/elcafedepipa.com\/index.php\/2025\/10\/24\/veins-de-la-colonia-san-antonio-denuncien-la-falta-de-manteniment-de-lentorn-despres-de-la-caiguda-dun-arbre\/\" aria-label=\"M\u00e9s informaci\u00f3 sobre Ve\u00efns de la Col\u00f2nia San Antonio denuncien la falta de manteniment de l\u2019entorn despr\u00e9s de la caiguda d\u2019un arbre\">Read more<\/a><\/p>\n","protected":false},"author":2,"featured_media":18300,"comment_status":"closed","ping_status":"closed","sticky":false,"template":"","format":"standard","meta":{"om_disable_all_campaigns":false,"_monsterinsights_skip_tracking":false,"_monsterinsights_sitenote_active":false,"_monsterinsights_sitenote_note":"","_monsterinsights_sitenote_category":0,"_uf_show_specific_survey":0,"_uf_disable_surveys":false,"footnotes":""},"categories":[2],"tags":[],"class_list":["post-18297","post","type-post","status-publish","format-standard","has-post-thumbnail","hentry","category-lavallduixo"],"_links":{"self":[{"href":"https:\/\/elcafedepipa.com\/index.php\/wp-json\/wp\/v2\/posts\/18297","targetHints":{"allow":["GET"]}}],"collection":[{"href":"https:\/\/elcafedepipa.com\/index.php\/wp-json\/wp\/v2\/posts"}],"about":[{"href":"https:\/\/elcafedepipa.com\/index.php\/wp-json\/wp\/v2\/types\/post"}],"author":[{"embeddable":true,"href":"https:\/\/elcafedepipa.com\/index.php\/wp-json\/wp\/v2\/users\/2"}],"replies":[{"embeddable":true,"href":"https:\/\/elcafedepipa.com\/index.php\/wp-json\/wp\/v2\/comments?post=18297"}],"version-history":[{"count":1,"href":"https:\/\/elcafedepipa.com\/index.php\/wp-json\/wp\/v2\/posts\/18297\/revisions"}],"predecessor-version":[{"id":18301,"href":"https:\/\/elcafedepipa.com\/index.php\/wp-json\/wp\/v2\/posts\/18297\/revisions\/18301"}],"wp:featuredmedia":[{"embeddable":true,"href":"https:\/\/elcafedepipa.com\/index.php\/wp-json\/wp\/v2\/media\/18300"}],"wp:attachment":[{"href":"https:\/\/elcafedepipa.com\/index.php\/wp-json\/wp\/v2\/media?parent=18297"}],"wp:term":[{"taxonomy":"category","embeddable":true,"href":"https:\/\/elcafedepipa.com\/index.php\/wp-json\/wp\/v2\/categories?post=18297"},{"taxonomy":"post_tag","embeddable":true,"href":"https:\/\/elcafedepipa.com\/index.php\/wp-json\/wp\/v2\/tags?post=18297"}],"curies":[{"name":"wp","href":"https:\/\/api.w.org\/{rel}","templated":true}]}}