{"id":18291,"date":"2025-10-24T14:10:19","date_gmt":"2025-10-24T12:10:19","guid":{"rendered":"https:\/\/elcafedepipa.com\/?p=18291"},"modified":"2025-10-24T14:10:20","modified_gmt":"2025-10-24T12:10:20","slug":"lajuntament-de-la-vall-duixo-prepara-el-dispositiu-especial-de-tots-sants-al-cementeri-municipal","status":"publish","type":"post","link":"https:\/\/elcafedepipa.com\/index.php\/2025\/10\/24\/lajuntament-de-la-vall-duixo-prepara-el-dispositiu-especial-de-tots-sants-al-cementeri-municipal\/","title":{"rendered":"L\u2019Ajuntament de la Vall d\u2019Uix\u00f3 prepara el dispositiu especial de Tots Sants al cementeri municipal"},"content":{"rendered":"\n<p>L\u2019<strong>Ajuntament de la Vall d\u2019Uix\u00f3<\/strong> ha preparat un <strong>dispositiu especial al Cementeri Municipal<\/strong> amb motiu de la festivitat de <strong>Tots Sants<\/strong>, davant l\u2019augment de visites que es produeix en aquestes dates. La principal mesura \u00e9s <strong>l\u2019ampliaci\u00f3 de l\u2019horari<\/strong>, de manera que els dies <strong>26, 29, 30 i 31 d\u2019octubre<\/strong> el recinte obrir\u00e0 de <strong>9.30 a 18.00 hores<\/strong>, i l\u2019<strong>1 de novembre<\/strong> de <strong>9.30 a 18.30 hores<\/strong> de manera <strong>ininterrompuda<\/strong>.<\/p>\n\n\n\n<p>L\u2019<strong>1 de novembre<\/strong> no es realitzaran <strong>enterraments<\/strong> i es retiraran les <strong>escales d\u2019\u00fas com\u00fa<\/strong> \u201cper a evitar mol\u00e8sties i garantir el respecte en una jornada de gran aflu\u00e8ncia de gent\u201d, tal com ha explicat el <strong>regidor de Sanitat P\u00fablica, Jorge Garc\u00eda<\/strong>. Per aix\u00f2, s\u2019aconsella a la ciutadania realitzar les <strong>tasques de neteja, adequaci\u00f3 i col\u00b7locaci\u00f3 de flors<\/strong> en els dies previs, per als quals el cementeri romandr\u00e0 obert durant quatre jornades seguides i sense interrupcions.<\/p>\n\n\n\n<p>Garc\u00eda ha demanat als ve\u00efns i ve\u00efnes que \u201c<strong>respecten les normes de conviv\u00e8ncia i els espais comuns i de pas<\/strong>, per a no interrompre ni molestar altres persones en aquests dies en qu\u00e8 moltes fam\u00edlies visiten i recorden els seus \u00e9ssers estimats\u201d. En aquest sentit, l\u2019Ajuntament est\u00e0 duent a terme <strong>treballs de manteniment i adequaci\u00f3 previs<\/strong>, que se sumen a la <strong>reparaci\u00f3 de la fa\u00e7ana antiga i dels murs<\/strong>, aix\u00ed com als <strong>treballs de pintura<\/strong> ja finalitzats dins d\u2019un <strong>programa mixt de formaci\u00f3 i ocupaci\u00f3<\/strong>.<\/p>\n\n\n\n<p>Pel que fa al <strong>servei especial d\u2019autob\u00fas<\/strong>, enguany ser\u00e0 <strong>gratu\u00eft<\/strong>. El servei es prestar\u00e0 <strong>l\u20191 de novembre<\/strong> de <strong>10.00 a 14.00 hores<\/strong> i de <strong>15.30 a 18.15 hores<\/strong>. Les eixides es realitzaran <strong>cada mitja hora<\/strong> (hores en punt i mitges) des de l\u2019<strong>estaci\u00f3 d\u2019autobusos<\/strong>, i el trajecte de tornada des del <strong>cementeri<\/strong> es far\u00e0 als <strong>quarts i als menys quarts<\/strong>. Cal destacar que aquest dia <strong>l\u2019acc\u00e9s amb vehicle privat estar\u00e0 tallat<\/strong> tant per la <strong>Carretera d\u2019Algar<\/strong> com pel <strong>Cam\u00ed La Cova<\/strong>, de manera que s\u2019haur\u00e0 d\u2019accedir <strong>per la Col\u00f2nia Segarra<\/strong> i eixir pel <strong>Pol\u00edgon de la Vernicha o Carmadai<\/strong>.<\/p>\n\n\n\n<p>Enguany, l\u2019Ajuntament de la Vall d\u2019Uix\u00f3 ha realitzat <strong>diverses inversions en el cementeri<\/strong>, com la <strong>compra de 20 escales noves<\/strong> \u2014professionals i d\u2019alta estabilitat\u2014 i altres <strong>elements d\u2019\u00fas com\u00fa<\/strong>, donant resposta \u201ca una petici\u00f3 dels usuaris i usu\u00e0ries\u201d. A m\u00e9s, s\u2019han dut a terme <strong>treballs de jardineria i renaturalitzaci\u00f3 de l\u2019entorn<\/strong>, aix\u00ed com el <strong>repintat de l\u2019aparcament<\/strong>.<\/p>\n","protected":false},"excerpt":{"rendered":"<p>L\u2019Ajuntament de la Vall d\u2019Uix\u00f3 ha preparat un dispositiu especial al Cementeri Municipal amb motiu de la festivitat de Tots Sants, davant l\u2019augment de visites que es produeix en aquestes dates. La principal mesura \u00e9s l\u2019ampliaci\u00f3 de l\u2019horari, de manera que els dies 26, 29, 30 i 31 d\u2019octubre el recinte obrir\u00e0 de 9.30 a &#8230; <a title=\"L\u2019Ajuntament de la Vall d\u2019Uix\u00f3 prepara el dispositiu especial de Tots Sants al cementeri municipal\" class=\"read-more\" href=\"https:\/\/elcafedepipa.com\/index.php\/2025\/10\/24\/lajuntament-de-la-vall-duixo-prepara-el-dispositiu-especial-de-tots-sants-al-cementeri-municipal\/\" aria-label=\"M\u00e9s informaci\u00f3 sobre L\u2019Ajuntament de la Vall d\u2019Uix\u00f3 prepara el dispositiu especial de Tots Sants al cementeri municipal\">Read more<\/a><\/p>\n","protected":false},"author":2,"featured_media":18292,"comment_status":"closed","ping_status":"closed","sticky":false,"template":"","format":"standard","meta":{"om_disable_all_campaigns":false,"_monsterinsights_skip_tracking":false,"_monsterinsights_sitenote_active":false,"_monsterinsights_sitenote_note":"","_monsterinsights_sitenote_category":0,"_uf_show_specific_survey":0,"_uf_disable_surveys":false,"footnotes":""},"categories":[2],"tags":[],"class_list":["post-18291","post","type-post","status-publish","format-standard","has-post-thumbnail","hentry","category-lavallduixo"],"_links":{"self":[{"href":"https:\/\/elcafedepipa.com\/index.php\/wp-json\/wp\/v2\/posts\/18291","targetHints":{"allow":["GET"]}}],"collection":[{"href":"https:\/\/elcafedepipa.com\/index.php\/wp-json\/wp\/v2\/posts"}],"about":[{"href":"https:\/\/elcafedepipa.com\/index.php\/wp-json\/wp\/v2\/types\/post"}],"author":[{"embeddable":true,"href":"https:\/\/elcafedepipa.com\/index.php\/wp-json\/wp\/v2\/users\/2"}],"replies":[{"embeddable":true,"href":"https:\/\/elcafedepipa.com\/index.php\/wp-json\/wp\/v2\/comments?post=18291"}],"version-history":[{"count":1,"href":"https:\/\/elcafedepipa.com\/index.php\/wp-json\/wp\/v2\/posts\/18291\/revisions"}],"predecessor-version":[{"id":18293,"href":"https:\/\/elcafedepipa.com\/index.php\/wp-json\/wp\/v2\/posts\/18291\/revisions\/18293"}],"wp:featuredmedia":[{"embeddable":true,"href":"https:\/\/elcafedepipa.com\/index.php\/wp-json\/wp\/v2\/media\/18292"}],"wp:attachment":[{"href":"https:\/\/elcafedepipa.com\/index.php\/wp-json\/wp\/v2\/media?parent=18291"}],"wp:term":[{"taxonomy":"category","embeddable":true,"href":"https:\/\/elcafedepipa.com\/index.php\/wp-json\/wp\/v2\/categories?post=18291"},{"taxonomy":"post_tag","embeddable":true,"href":"https:\/\/elcafedepipa.com\/index.php\/wp-json\/wp\/v2\/tags?post=18291"}],"curies":[{"name":"wp","href":"https:\/\/api.w.org\/{rel}","templated":true}]}}