{"id":18282,"date":"2025-10-24T12:25:54","date_gmt":"2025-10-24T10:25:54","guid":{"rendered":"https:\/\/elcafedepipa.com\/?p=18282"},"modified":"2025-10-24T12:59:04","modified_gmt":"2025-10-24T10:59:04","slug":"marta-barrachina-lidera-la-defensa-de-la-provincia-amb-509-milions-dinversio-per-als-municipis-front-linfrafinancament-imposat-per-pedro-sanchez","status":"publish","type":"post","link":"https:\/\/elcafedepipa.com\/index.php\/2025\/10\/24\/marta-barrachina-lidera-la-defensa-de-la-provincia-amb-509-milions-dinversio-per-als-municipis-front-linfrafinancament-imposat-per-pedro-sanchez\/","title":{"rendered":"Marta Barrachina lidera la defensa de la prov\u00edncia amb 50,9 milions d&#8217;inversi\u00f3 per als municipis &#8220;front l&#8217;infrafinan\u00e7ament imposat per Pedro S\u00e1nchez&#8221;"},"content":{"rendered":"\n<p>La presidenta del Partit Popular de la prov\u00edncia de Castell\u00f3, Marta Barrachina, va llan\u00e7ar ahir a Benicarl\u00f3 un missatge clar en defensa del territori en garantir una inversi\u00f3 directa de 50,9 milions d&#8217;euros per als municipis enfront de l&#8217;infrafinan\u00e7ament imposat pel Govern de Pedro S\u00e1nchez. &#8220;No s\u00f3n anuncis, s\u00f3n fets&#8221;, va declarar la l\u00edder dels populars en el si del comit\u00e9 de direcci\u00f3.<\/p>\n\n\n\n<p>La dirigent ha marcat un full de ruta clau per a dirigir a la prov\u00edncia de Castell\u00f3 &#8220;cap a reptes i desafiaments que donen resposta a les necessitats dels castellonencs i garantisquen el benestar que el Govern d&#8217;Espanya ens nega&#8221;. &#8220;Es tracta d&#8217;aconseguir un objectiu com\u00fa&#8221;, ha declarat la mandat\u00e0ria, &#8220;perqu\u00e8 la meua terra, m\u00e9s que mai, necessita que superem el castic del socialisme&#8221;.<\/p>\n\n\n\n<p>Amb un president del Govern d&#8217;Espanya, Pedro S\u00e1nchez, que incomplix les seues obligacions constitucionals des que el 24 de novembre de 2022 aprovara en el Congr\u00e9s els seus \u00faltims Pressupostos Generals de l&#8217;Estat (PGE) &#8220;han passat tres anys&#8221;. I tal com ha exposat Marta Barrachina, &#8220;s\u00f3n tres anys de castic perqu\u00e8 ni hi ha inversions ni es paga el que es deu&#8221;. &#8220;L&#8217;infrafinan\u00e7ament est\u00e0 provocant que rebem menys del que ens correspon. I no \u00e9s poc. M\u00e9s de 200 milions d&#8217;euros per a tota la prov\u00edncia&#8221;.<\/p>\n\n\n\n<p>Els diners que Pedro S\u00e1nchez ret\u00e9 &#8220;ens priva d&#8217;inversions crucials per al desenrotllament&#8221;. Per\u00f2 &#8220;enfront d&#8217;este castic, solucions. \u00c9s al que ens vam comprometre amb la nostra prov\u00edncia i \u00e9s l&#8217;objectiu que estem decidits a complir, protegir els drets dels castellonencs&#8221;.<\/p>\n\n\n\n<p><strong>M\u00e9s que mai<\/strong><\/p>\n\n\n\n<p>Per a aconseguir-ho, la *lideresa ha posat en valor, &#8220;m\u00e9s que mai&#8221;, els 50,9 milions d&#8217;euros d&#8217;inversi\u00f3 que marcaran el full de ruta en el pressupost de la Diputaci\u00f3 Provincial de Castell\u00f3 per a 2026 front &#8220;a les travetes de S\u00e1nchez&#8221;.<\/p>\n\n\n\n<p>I amb el prop\u00f2sit ferm &#8220;de treballar cada dia pels castellonencs&#8221;, es doten econ\u00f2micament el Pla Impulsa, el Fons de Cooperaci\u00f3 Municipal, el Fons per a la lluita contra el Despoblament i el Fons per a Municipis Tur\u00edstics.<\/p>\n\n\n\n<p>El Pla Impulsa s&#8217;incrementar\u00e0 en 783.940 euros fins a aconseguir els 32,5 milions d&#8217;euros &#8220;amb l&#8217;objectiu de fomentar el progr\u00e9s de cada un dels 135 municipis d&#8217;esta prov\u00edncia&#8221;. &#8220;Gasto corrent i obres per a donar llibertat a alcaldesses i alcaldes a l&#8217;hora de definir el dest\u00ed d&#8217;estos fons&#8221;.<\/p>\n\n\n\n<p>El Fons de Cooperaci\u00f3 Municipal es dotar\u00e0 de 15,2 milions d&#8217;euros per a protegir &#8220;eixe finan\u00e7ament local que tan magolada est\u00e0 pel Govern d&#8217;Espanya&#8221;.<\/p>\n\n\n\n<p>El Fons per a la Lluita contra el Despoblament es nodrix amb car\u00e0cter inicial de 2,2 milions d&#8217;euros per a &#8220;fer gran a un interior quallat de pobles xicotets. Els seus recursos han de ser els mateixos que els que gaudixen les grans ciutats&#8221;.<\/p>\n\n\n\n<p>Finalment, el Fons de Cooperaci\u00f3 per a Municipis Tur\u00edstics, que amb 931.000 euros posa en valor &#8220;un territori singular que \u00e9s dest\u00ed per a milions de ciutadans del m\u00f3n cada any. Volem que continue creixent. Amb pol\u00edtiques en positiu, que sumen i desenrotllen, perqu\u00e8 no hi ha un altre objectiu. I junts, ho farem possible&#8221;, ha *declrado la presidenta provincial del PPCS.<\/p>\n","protected":false},"excerpt":{"rendered":"<p>La presidenta del Partit Popular de la prov\u00edncia de Castell\u00f3, Marta Barrachina, va llan\u00e7ar ahir a Benicarl\u00f3 un missatge clar en defensa del territori en garantir una inversi\u00f3 directa de 50,9 milions d&#8217;euros per als municipis enfront de l&#8217;infrafinan\u00e7ament imposat pel Govern de Pedro S\u00e1nchez. &#8220;No s\u00f3n anuncis, s\u00f3n fets&#8221;, va declarar la l\u00edder dels &#8230; <a title=\"Marta Barrachina lidera la defensa de la prov\u00edncia amb 50,9 milions d&#8217;inversi\u00f3 per als municipis &#8220;front l&#8217;infrafinan\u00e7ament imposat per Pedro S\u00e1nchez&#8221;\" class=\"read-more\" href=\"https:\/\/elcafedepipa.com\/index.php\/2025\/10\/24\/marta-barrachina-lidera-la-defensa-de-la-provincia-amb-509-milions-dinversio-per-als-municipis-front-linfrafinancament-imposat-per-pedro-sanchez\/\" aria-label=\"M\u00e9s informaci\u00f3 sobre Marta Barrachina lidera la defensa de la prov\u00edncia amb 50,9 milions d&#8217;inversi\u00f3 per als municipis &#8220;front l&#8217;infrafinan\u00e7ament imposat per Pedro S\u00e1nchez&#8221;\">Read more<\/a><\/p>\n","protected":false},"author":2,"featured_media":18283,"comment_status":"closed","ping_status":"closed","sticky":false,"template":"","format":"standard","meta":{"om_disable_all_campaigns":false,"_monsterinsights_skip_tracking":false,"_monsterinsights_sitenote_active":false,"_monsterinsights_sitenote_note":"","_monsterinsights_sitenote_category":0,"_uf_show_specific_survey":0,"_uf_disable_surveys":false,"footnotes":""},"categories":[11],"tags":[],"class_list":["post-18282","post","type-post","status-publish","format-standard","has-post-thumbnail","hentry","category-comunitatvalenciana"],"_links":{"self":[{"href":"https:\/\/elcafedepipa.com\/index.php\/wp-json\/wp\/v2\/posts\/18282","targetHints":{"allow":["GET"]}}],"collection":[{"href":"https:\/\/elcafedepipa.com\/index.php\/wp-json\/wp\/v2\/posts"}],"about":[{"href":"https:\/\/elcafedepipa.com\/index.php\/wp-json\/wp\/v2\/types\/post"}],"author":[{"embeddable":true,"href":"https:\/\/elcafedepipa.com\/index.php\/wp-json\/wp\/v2\/users\/2"}],"replies":[{"embeddable":true,"href":"https:\/\/elcafedepipa.com\/index.php\/wp-json\/wp\/v2\/comments?post=18282"}],"version-history":[{"count":2,"href":"https:\/\/elcafedepipa.com\/index.php\/wp-json\/wp\/v2\/posts\/18282\/revisions"}],"predecessor-version":[{"id":18287,"href":"https:\/\/elcafedepipa.com\/index.php\/wp-json\/wp\/v2\/posts\/18282\/revisions\/18287"}],"wp:featuredmedia":[{"embeddable":true,"href":"https:\/\/elcafedepipa.com\/index.php\/wp-json\/wp\/v2\/media\/18283"}],"wp:attachment":[{"href":"https:\/\/elcafedepipa.com\/index.php\/wp-json\/wp\/v2\/media?parent=18282"}],"wp:term":[{"taxonomy":"category","embeddable":true,"href":"https:\/\/elcafedepipa.com\/index.php\/wp-json\/wp\/v2\/categories?post=18282"},{"taxonomy":"post_tag","embeddable":true,"href":"https:\/\/elcafedepipa.com\/index.php\/wp-json\/wp\/v2\/tags?post=18282"}],"curies":[{"name":"wp","href":"https:\/\/api.w.org\/{rel}","templated":true}]}}