{"id":18279,"date":"2025-10-24T12:13:49","date_gmt":"2025-10-24T10:13:49","guid":{"rendered":"https:\/\/elcafedepipa.com\/?p=18279"},"modified":"2025-10-24T12:13:49","modified_gmt":"2025-10-24T10:13:49","slug":"la-diputacio-de-castello-enaltix-la-labor-diaria-dels-tecnics-de-desenvolupament-local-de-cada-municipi-en-lavanc-global-de-la-provincia","status":"publish","type":"post","link":"https:\/\/elcafedepipa.com\/index.php\/2025\/10\/24\/la-diputacio-de-castello-enaltix-la-labor-diaria-dels-tecnics-de-desenvolupament-local-de-cada-municipi-en-lavanc-global-de-la-provincia\/","title":{"rendered":"La Diputaci\u00f3 de Castell\u00f3 enaltix la labor di\u00e0ria dels t\u00e8cnics de desenvolupament local de cada municipi en l&#8217;avan\u00e7 global de la prov\u00edncia"},"content":{"rendered":"\n<p>La Diputaci\u00f3 de Castell\u00f3 enaltix la labor di\u00e0ria dels t\u00e8cnics de desenvolupament local de cada municipi en l&#8217;avan\u00e7 global de la prov\u00edncia de Castell\u00f3.<\/p>\n\n\n\n<p>El diputat de Promoci\u00f3 Econ\u00f2mica, Vicente Pallar\u00e9s, ha participat este divendres en la XI jornada t\u00e8cnica per a professionals del desenvolupament local, sota el t\u00edtol \u2018Redibuixant la realitat. Nous horitzons locals\u2019 que s&#8217;ha dut a terme a Torreblanca. Vicente Pallar\u00e9s ha destacat la import\u00e0ncia d&#8217;esta trobada que busca posar en com\u00fa diferents enfocaments que analitzen les realitats locals i elaborar conclusions operatives per a continuar avan\u00e7ant i millorant.<\/p>\n\n\n\n<p>\u201cNo hi ha desenvolupament provincial sense desenvolupament local, i el futur de Castell\u00f3 es constru\u00efx des dels seus municipis, des d&#8217;eixa xarxa d&#8217;agents que cada dia treballa en silenci perqu\u00e8 ning\u00fa es quede arrere\u201d, ha assenyalat Vicente Pallar\u00e9s.<\/p>\n\n\n\n<p>De fet, el diputat provincial ha reafirmat el suport de la Diputaci\u00f3 de Castell\u00f3 reconeixent que s\u00f3n precisament estos professionals els qui ajuden a convertir les idees en oportunitats, \u201csou els qui connecteu el talent amb les necessitats reals de cada poble, els qui doneu vida a les pol\u00edtiques p\u00fabliques des de la proximitat i l&#8217;escolta activa\u201d, ha incidit Pallar\u00e9s.<\/p>\n\n\n\n<p>La jornada d&#8217;este divendres busca conjugar la visi\u00f3 dels professionals a trav\u00e9s de taules redones i pon\u00e8ncies fins a elaborar un document de conclusions que permeta tra\u00e7ar l\u00ednies de treball sota un nou prisma, davant una realitat canviant.<\/p>\n\n\n\n<p>En esta mateixa l\u00ednia, el responsable de Promoci\u00f3 Econ\u00f2mica de la Diputaci\u00f3 ha recordat que el desenvolupament local \u201cno \u00e9s nom\u00e9s una q\u00fcesti\u00f3 de projectes o subvencions, \u00e9s una manera d&#8217;entendre el futur, d&#8217;anticipar els canvis i d&#8217;acompanyar als nostres municipis en els processos de transformaci\u00f3 que exigix la societat actual\u201d.<\/p>\n\n\n\n<p>\u201cRedibuixar la realitat significa atrevir-se a imaginar un nou mapa, amb l\u00ednies m\u00e9s inclusives, m\u00e9s sostenibles i m\u00e9s humanes. Significa mirar m\u00e9s enll\u00e0 dels l\u00edmits administratius per a construir una prov\u00edncia que coopere, que innove i que cresca unida\u201d, ha destacat Vicente Pallar\u00e9s.<\/p>\n\n\n\n<p>La Diputaci\u00f3 de Castell\u00f3 ha participat en una de les sessions de la jornada, titulada, \u201cDin\u00e0mica interactiva sobre estrat\u00e8gies de generaci\u00f3 i enfortiment del treball col\u00b7laboratiu a la prov\u00edncia de Castell\u00f3 mitjan\u00e7ant plataformes digitals\u201d. En ella, la instituci\u00f3 provincial ha exposat la iniciativa amb tres objectius principals. D&#8217;una banda, detectar necessitats per a la generaci\u00f3 i enfortiment del treball col\u00b7laboratiu. A partir d&#8217;ac\u00ed, s&#8217;identificaran propostes i possibles recursos per a fer eixe treball col\u00b7laboratiu mitjan\u00e7ant plataformes digitals i finalment, es generar\u00e0 un informe que arreplegue eixes necessitats, idees i propostes aportades per al codisseny d&#8217;eixa futura plataforma.<\/p>\n\n\n\n<p>Com ha destacat Vicente Pallar\u00e9s, esta participaci\u00f3 \u201c\u00e9s una mostra m\u00e9s del comprom\u00eds de la Diputaci\u00f3 amb l&#8217;impuls de ferramentes digitals i espais compartits que afavorisquen la cooperaci\u00f3 entre professionals del desenrotllament local en tota la prov\u00edncia\u201d.<\/p>\n","protected":false},"excerpt":{"rendered":"<p>La Diputaci\u00f3 de Castell\u00f3 enaltix la labor di\u00e0ria dels t\u00e8cnics de desenvolupament local de cada municipi en l&#8217;avan\u00e7 global de la prov\u00edncia de Castell\u00f3. El diputat de Promoci\u00f3 Econ\u00f2mica, Vicente Pallar\u00e9s, ha participat este divendres en la XI jornada t\u00e8cnica per a professionals del desenvolupament local, sota el t\u00edtol \u2018Redibuixant la realitat. Nous horitzons locals\u2019 &#8230; <a title=\"La Diputaci\u00f3 de Castell\u00f3 enaltix la labor di\u00e0ria dels t\u00e8cnics de desenvolupament local de cada municipi en l&#8217;avan\u00e7 global de la prov\u00edncia\" class=\"read-more\" href=\"https:\/\/elcafedepipa.com\/index.php\/2025\/10\/24\/la-diputacio-de-castello-enaltix-la-labor-diaria-dels-tecnics-de-desenvolupament-local-de-cada-municipi-en-lavanc-global-de-la-provincia\/\" aria-label=\"M\u00e9s informaci\u00f3 sobre La Diputaci\u00f3 de Castell\u00f3 enaltix la labor di\u00e0ria dels t\u00e8cnics de desenvolupament local de cada municipi en l&#8217;avan\u00e7 global de la prov\u00edncia\">Read more<\/a><\/p>\n","protected":false},"author":2,"featured_media":18280,"comment_status":"closed","ping_status":"closed","sticky":false,"template":"","format":"standard","meta":{"om_disable_all_campaigns":false,"_monsterinsights_skip_tracking":false,"_monsterinsights_sitenote_active":false,"_monsterinsights_sitenote_note":"","_monsterinsights_sitenote_category":0,"_uf_show_specific_survey":0,"_uf_disable_surveys":false,"footnotes":""},"categories":[10],"tags":[],"class_list":["post-18279","post","type-post","status-publish","format-standard","has-post-thumbnail","hentry","category-provinciadecastello"],"_links":{"self":[{"href":"https:\/\/elcafedepipa.com\/index.php\/wp-json\/wp\/v2\/posts\/18279","targetHints":{"allow":["GET"]}}],"collection":[{"href":"https:\/\/elcafedepipa.com\/index.php\/wp-json\/wp\/v2\/posts"}],"about":[{"href":"https:\/\/elcafedepipa.com\/index.php\/wp-json\/wp\/v2\/types\/post"}],"author":[{"embeddable":true,"href":"https:\/\/elcafedepipa.com\/index.php\/wp-json\/wp\/v2\/users\/2"}],"replies":[{"embeddable":true,"href":"https:\/\/elcafedepipa.com\/index.php\/wp-json\/wp\/v2\/comments?post=18279"}],"version-history":[{"count":1,"href":"https:\/\/elcafedepipa.com\/index.php\/wp-json\/wp\/v2\/posts\/18279\/revisions"}],"predecessor-version":[{"id":18281,"href":"https:\/\/elcafedepipa.com\/index.php\/wp-json\/wp\/v2\/posts\/18279\/revisions\/18281"}],"wp:featuredmedia":[{"embeddable":true,"href":"https:\/\/elcafedepipa.com\/index.php\/wp-json\/wp\/v2\/media\/18280"}],"wp:attachment":[{"href":"https:\/\/elcafedepipa.com\/index.php\/wp-json\/wp\/v2\/media?parent=18279"}],"wp:term":[{"taxonomy":"category","embeddable":true,"href":"https:\/\/elcafedepipa.com\/index.php\/wp-json\/wp\/v2\/categories?post=18279"},{"taxonomy":"post_tag","embeddable":true,"href":"https:\/\/elcafedepipa.com\/index.php\/wp-json\/wp\/v2\/tags?post=18279"}],"curies":[{"name":"wp","href":"https:\/\/api.w.org\/{rel}","templated":true}]}}