{"id":18275,"date":"2025-10-24T11:12:12","date_gmt":"2025-10-24T09:12:12","guid":{"rendered":"https:\/\/elcafedepipa.com\/?p=18275"},"modified":"2025-10-24T11:12:13","modified_gmt":"2025-10-24T09:12:13","slug":"la-diputacio-impulsa-el-ii-congres-importa-castello-amb-testimonis-de-superacio-i-esforc-per-a-fomentar-valors-entre-la-joventut-de-la-provincia","status":"publish","type":"post","link":"https:\/\/elcafedepipa.com\/index.php\/2025\/10\/24\/la-diputacio-impulsa-el-ii-congres-importa-castello-amb-testimonis-de-superacio-i-esforc-per-a-fomentar-valors-entre-la-joventut-de-la-provincia\/","title":{"rendered":"La Diputaci\u00f3 impulsa el II Congr\u00e9s \u2018Importa Castell\u00f3\u2019 amb testimonis de superaci\u00f3 i esfor\u00e7 per a fomentar valors entre la joventut de la prov\u00edncia"},"content":{"rendered":"\n<p>La <strong>Diputaci\u00f3 de Castell\u00f3<\/strong> impulsa el <strong>II Congr\u00e9s \u2018Importa Castell\u00f3\u2019<\/strong>, que torna amb testimonis de persones que representen l\u2019esfor\u00e7, la superaci\u00f3 i la const\u00e0ncia, amb l\u2019objectiu de <strong>fomentar entre la joventut de la prov\u00edncia els valors universals<\/strong> que tamb\u00e9 comparteix la instituci\u00f3 provincial.<\/p>\n\n\n\n<p>A trav\u00e9s de la <strong>Fundaci\u00f3 \u2018Lo Que De Verdad Importa (LQDVI)\u2019<\/strong>, l\u2019esdeveniment, que se celebrar\u00e0 el <strong>30 d\u2019octubre<\/strong> a l\u2019<strong>Auditori i Palau de Congressos de Castell\u00f3<\/strong>, comptar\u00e0 amb les experi\u00e8ncies d\u2019esfor\u00e7 i disciplina de <strong>Toni Nadal<\/strong>, entrenador i mentor de Rafa Nadal, i de la <strong>cantant i actriu Miriam Fern\u00e1ndez<\/strong>, que ha superat els reptes derivats de la seua par\u00e0lisi cerebral per a assolir les seues metes.<\/p>\n\n\n\n<p>\u201cLa setmana vinent tindrem una nova oportunitat per a reflexionar sobre all\u00f2 que de veritat importa i perqu\u00e8 els joves de la nostra prov\u00edncia entenguen qu\u00e8 signifiquen l\u2019esfor\u00e7, el treball i la capacitat de superaci\u00f3 davant els obstacles, a trav\u00e9s d\u2019experi\u00e8ncies reals\u201d, ha destacat la <strong>presidenta de la Diputaci\u00f3, Marta Barrachina<\/strong>.<\/p>\n\n\n\n<p>Despr\u00e9s de l\u2019\u00e8xit de la primera edici\u00f3, aquest congr\u00e9s vol <strong>consolidar un espai d\u2019inspiraci\u00f3 i reflexi\u00f3 per als joves<\/strong>, oferint-los exemples de persones que han aconseguit superar-se i trobar el seu cam\u00ed. Segons expliquen des de la fundaci\u00f3, \u201cla finalitat \u00e9s que els joves de Castell\u00f3 distingisquen qu\u00e8 \u00e9s realment important en les seues vides i troben la motivaci\u00f3 per a prendre decisions encertades i enfortir les seues metes personals\u201d.<\/p>\n\n\n\n<p><strong>Miriam Fern\u00e1ndez<\/strong> obrir\u00e0 el congr\u00e9s compartint la seua hist\u00f2ria de superaci\u00f3. Malgrat haver nascut amb <strong>par\u00e0lisi cerebral<\/strong> i haver afrontat reptes com l\u2019assetjament escolar o la p\u00e8rdua de familiars, ha aconseguit fer realitat el seu somni de ser cantant i actriu. En les seues confer\u00e8ncies transmet que \u201cla felicitat \u00e9s una decisi\u00f3 di\u00e0ria\u201d i que \u201cno hi ha barreres mentals si es t\u00e9 voluntat i const\u00e0ncia\u201d.<\/p>\n\n\n\n<p>Tot seguit, intervindr\u00e0 <strong>Toni Nadal<\/strong>, entrenador i preparador f\u00edsic que ha dedicat la seua carrera a la formaci\u00f3 del millor esportista espanyol de la hist\u00f2ria: <strong>Rafa Nadal<\/strong>. El seu treball s\u2019ha basat en valors com la <strong>disciplina, l\u2019autoexig\u00e8ncia, el respecte, la humilitat i l\u2019autocontrol<\/strong>, principis que ara transmet en confer\u00e8ncies i a la <strong>Rafa Nadal Academy<\/strong>, on forma futurs l\u00edders del tenis.<\/p>\n\n\n\n<p>La nova edici\u00f3 d\u2019\u2018Importa Castell\u00f3\u2019 vol <strong>refermar l\u2019\u00e8xit de l\u2019any passat<\/strong>, que ja va reunir m\u00e9s de <strong>600 joves<\/strong> per a escoltar els testimonis d\u2019<strong>Amuda Goueli<\/strong> i <strong>Jaime Garrastazu<\/strong>, dos exemples de for\u00e7a i motivaci\u00f3 per a les noves generacions.<\/p>\n\n\n\n<p>\u201cLa Diputaci\u00f3 vol acostar aquestes experi\u00e8ncies perqu\u00e8 la ciutadania m\u00e9s jove descobrisca qu\u00e8 \u00e9s el veritablement important i trobe el cam\u00ed per a encertar en les seues decisions\u201d, ha afirmat <strong>Marta Barrachina<\/strong>, qui ha subratllat la import\u00e0ncia de \u201ctransmetre valors clau a qui seran els protagonistes del progr\u00e9s de la prov\u00edncia\u201d.<\/p>\n\n\n\n<p>Per la seua part, la <strong>diputada de Joventut, Mar\u00eda Tormo<\/strong>, ha remarcat que \u201cdarrere de tot assoliment hi ha esfor\u00e7, treball, disciplina i comprom\u00eds, i per aix\u00f2 \u00e9s essencial no perdre mai eixa guia\u201d.<\/p>\n\n\n\n<p>La <strong>Fundaci\u00f3 \u2018Lo Que De Verdad Importa\u2019<\/strong>, entitat sense \u00e0nim de lucre fundada el <strong>2007<\/strong>, t\u00e9 com a objectiu <strong>difondre valors humans, \u00e8tics i universals<\/strong>. Al llarg dels anys ha ampliat els seus projectes dins i fora d\u2019Espanya, oferint congressos gratu\u00efts per a joves.<\/p>\n\n\n\n<p>De cara al congr\u00e9s del <strong>30 d\u2019octubre<\/strong>, ja s\u2019ha arribat prop del <strong>miler d\u2019inscrits<\/strong>, una xifra que reflecteix l\u2019inter\u00e9s dels joves castellonencs en un esdeveniment que recorda que <strong>valors com la superaci\u00f3, la toler\u00e0ncia, la solidaritat o l\u2019esfor\u00e7<\/strong> s\u00f3n el primer pas per a afrontar els reptes amb <strong>il\u00b7lusi\u00f3 i motivaci\u00f3<\/strong>.<\/p>\n","protected":false},"excerpt":{"rendered":"<p>La Diputaci\u00f3 de Castell\u00f3 impulsa el II Congr\u00e9s \u2018Importa Castell\u00f3\u2019, que torna amb testimonis de persones que representen l\u2019esfor\u00e7, la superaci\u00f3 i la const\u00e0ncia, amb l\u2019objectiu de fomentar entre la joventut de la prov\u00edncia els valors universals que tamb\u00e9 comparteix la instituci\u00f3 provincial. A trav\u00e9s de la Fundaci\u00f3 \u2018Lo Que De Verdad Importa (LQDVI)\u2019, l\u2019esdeveniment, &#8230; <a title=\"La Diputaci\u00f3 impulsa el II Congr\u00e9s \u2018Importa Castell\u00f3\u2019 amb testimonis de superaci\u00f3 i esfor\u00e7 per a fomentar valors entre la joventut de la prov\u00edncia\" class=\"read-more\" href=\"https:\/\/elcafedepipa.com\/index.php\/2025\/10\/24\/la-diputacio-impulsa-el-ii-congres-importa-castello-amb-testimonis-de-superacio-i-esforc-per-a-fomentar-valors-entre-la-joventut-de-la-provincia\/\" aria-label=\"M\u00e9s informaci\u00f3 sobre La Diputaci\u00f3 impulsa el II Congr\u00e9s \u2018Importa Castell\u00f3\u2019 amb testimonis de superaci\u00f3 i esfor\u00e7 per a fomentar valors entre la joventut de la prov\u00edncia\">Read more<\/a><\/p>\n","protected":false},"author":2,"featured_media":18276,"comment_status":"closed","ping_status":"closed","sticky":false,"template":"","format":"standard","meta":{"om_disable_all_campaigns":false,"_monsterinsights_skip_tracking":false,"_monsterinsights_sitenote_active":false,"_monsterinsights_sitenote_note":"","_monsterinsights_sitenote_category":0,"_uf_show_specific_survey":0,"_uf_disable_surveys":false,"footnotes":""},"categories":[10],"tags":[],"class_list":["post-18275","post","type-post","status-publish","format-standard","has-post-thumbnail","hentry","category-provinciadecastello"],"_links":{"self":[{"href":"https:\/\/elcafedepipa.com\/index.php\/wp-json\/wp\/v2\/posts\/18275","targetHints":{"allow":["GET"]}}],"collection":[{"href":"https:\/\/elcafedepipa.com\/index.php\/wp-json\/wp\/v2\/posts"}],"about":[{"href":"https:\/\/elcafedepipa.com\/index.php\/wp-json\/wp\/v2\/types\/post"}],"author":[{"embeddable":true,"href":"https:\/\/elcafedepipa.com\/index.php\/wp-json\/wp\/v2\/users\/2"}],"replies":[{"embeddable":true,"href":"https:\/\/elcafedepipa.com\/index.php\/wp-json\/wp\/v2\/comments?post=18275"}],"version-history":[{"count":1,"href":"https:\/\/elcafedepipa.com\/index.php\/wp-json\/wp\/v2\/posts\/18275\/revisions"}],"predecessor-version":[{"id":18277,"href":"https:\/\/elcafedepipa.com\/index.php\/wp-json\/wp\/v2\/posts\/18275\/revisions\/18277"}],"wp:featuredmedia":[{"embeddable":true,"href":"https:\/\/elcafedepipa.com\/index.php\/wp-json\/wp\/v2\/media\/18276"}],"wp:attachment":[{"href":"https:\/\/elcafedepipa.com\/index.php\/wp-json\/wp\/v2\/media?parent=18275"}],"wp:term":[{"taxonomy":"category","embeddable":true,"href":"https:\/\/elcafedepipa.com\/index.php\/wp-json\/wp\/v2\/categories?post=18275"},{"taxonomy":"post_tag","embeddable":true,"href":"https:\/\/elcafedepipa.com\/index.php\/wp-json\/wp\/v2\/tags?post=18275"}],"curies":[{"name":"wp","href":"https:\/\/api.w.org\/{rel}","templated":true}]}}