{"id":18272,"date":"2025-10-24T10:15:27","date_gmt":"2025-10-24T08:15:27","guid":{"rendered":"https:\/\/elcafedepipa.com\/?p=18272"},"modified":"2025-10-24T10:15:28","modified_gmt":"2025-10-24T08:15:28","slug":"la-guardia-civil-dete-dos-homes-com-a-presumptes-autors-de-set-delictes-comesos-a-borriana","status":"publish","type":"post","link":"https:\/\/elcafedepipa.com\/index.php\/2025\/10\/24\/la-guardia-civil-dete-dos-homes-com-a-presumptes-autors-de-set-delictes-comesos-a-borriana\/","title":{"rendered":"La Gu\u00e0rdia Civil det\u00e9 dos homes com a presumptes autors de set delictes comesos a Borriana"},"content":{"rendered":"\n<p>La <strong>Gu\u00e0rdia Civil de Borriana<\/strong> ha detingut dos individus com a presumptes autors de <strong>set delictes de robatori amb for\u00e7a<\/strong>, <strong>tres robatoris amb for\u00e7a a l\u2019interior de vehicles<\/strong> i <strong>un delicte de danys<\/strong>.<\/p>\n\n\n\n<p>Els fets que van motivar les detencions van oc\u00f3rrer el passat <strong>20 d\u2019octubre<\/strong>, entre les <strong>05.00 i les 09.00 hores<\/strong>, quan els ara detinguts van accedir a l\u2019interior d\u2019una comunitat de ve\u00efns de la poblaci\u00f3. Els sospitosos haurien <strong>for\u00e7at les portes de diverses vivendes<\/strong>, sostraient diversos objectes i causant <strong>danys a l\u2019immoble<\/strong>.<\/p>\n\n\n\n<p>A m\u00e9s, haurien <strong>trencat els vidres de tres vehicles<\/strong> estacionats en un descampat situat a uns <strong>600 metres<\/strong> de la mateixa finca afectada, d\u2019on tamb\u00e9 van sostraure diversos efectes.<\/p>\n\n\n\n<p>Despr\u00e9s de dur a terme nombroses <strong>gestions d\u2019investigaci\u00f3 i proves t\u00e8cniques<\/strong>, els agents van aconseguir <strong>identificar els autors<\/strong> dels fets delictius.<\/p>\n\n\n\n<p>Finalment, es va procedir a la <strong>detenci\u00f3 de dos homes<\/strong>, de <strong>43 i 25 anys<\/strong>, un dels quals portava una <strong>bicicleta robada<\/strong> en un traster i unes <strong>ulleres de sol sostretes<\/strong> d\u2019un dels vehicles danyats.<\/p>\n\n\n\n<p>Les <strong>dilig\u00e8ncies instru\u00efdes<\/strong>, juntament amb els <strong>detinguts<\/strong>, han sigut posades a disposici\u00f3 dels <strong>Jutjats de Vila-real<\/strong>.<\/p>\n","protected":false},"excerpt":{"rendered":"<p>La Gu\u00e0rdia Civil de Borriana ha detingut dos individus com a presumptes autors de set delictes de robatori amb for\u00e7a, tres robatoris amb for\u00e7a a l\u2019interior de vehicles i un delicte de danys. Els fets que van motivar les detencions van oc\u00f3rrer el passat 20 d\u2019octubre, entre les 05.00 i les 09.00 hores, quan els &#8230; <a title=\"La Gu\u00e0rdia Civil det\u00e9 dos homes com a presumptes autors de set delictes comesos a Borriana\" class=\"read-more\" href=\"https:\/\/elcafedepipa.com\/index.php\/2025\/10\/24\/la-guardia-civil-dete-dos-homes-com-a-presumptes-autors-de-set-delictes-comesos-a-borriana\/\" aria-label=\"M\u00e9s informaci\u00f3 sobre La Gu\u00e0rdia Civil det\u00e9 dos homes com a presumptes autors de set delictes comesos a Borriana\">Read more<\/a><\/p>\n","protected":false},"author":2,"featured_media":18273,"comment_status":"closed","ping_status":"closed","sticky":false,"template":"","format":"standard","meta":{"om_disable_all_campaigns":false,"_monsterinsights_skip_tracking":false,"_monsterinsights_sitenote_active":false,"_monsterinsights_sitenote_note":"","_monsterinsights_sitenote_category":0,"_uf_show_specific_survey":0,"_uf_disable_surveys":false,"footnotes":""},"categories":[10],"tags":[],"class_list":["post-18272","post","type-post","status-publish","format-standard","has-post-thumbnail","hentry","category-provinciadecastello"],"_links":{"self":[{"href":"https:\/\/elcafedepipa.com\/index.php\/wp-json\/wp\/v2\/posts\/18272","targetHints":{"allow":["GET"]}}],"collection":[{"href":"https:\/\/elcafedepipa.com\/index.php\/wp-json\/wp\/v2\/posts"}],"about":[{"href":"https:\/\/elcafedepipa.com\/index.php\/wp-json\/wp\/v2\/types\/post"}],"author":[{"embeddable":true,"href":"https:\/\/elcafedepipa.com\/index.php\/wp-json\/wp\/v2\/users\/2"}],"replies":[{"embeddable":true,"href":"https:\/\/elcafedepipa.com\/index.php\/wp-json\/wp\/v2\/comments?post=18272"}],"version-history":[{"count":1,"href":"https:\/\/elcafedepipa.com\/index.php\/wp-json\/wp\/v2\/posts\/18272\/revisions"}],"predecessor-version":[{"id":18274,"href":"https:\/\/elcafedepipa.com\/index.php\/wp-json\/wp\/v2\/posts\/18272\/revisions\/18274"}],"wp:featuredmedia":[{"embeddable":true,"href":"https:\/\/elcafedepipa.com\/index.php\/wp-json\/wp\/v2\/media\/18273"}],"wp:attachment":[{"href":"https:\/\/elcafedepipa.com\/index.php\/wp-json\/wp\/v2\/media?parent=18272"}],"wp:term":[{"taxonomy":"category","embeddable":true,"href":"https:\/\/elcafedepipa.com\/index.php\/wp-json\/wp\/v2\/categories?post=18272"},{"taxonomy":"post_tag","embeddable":true,"href":"https:\/\/elcafedepipa.com\/index.php\/wp-json\/wp\/v2\/tags?post=18272"}],"curies":[{"name":"wp","href":"https:\/\/api.w.org\/{rel}","templated":true}]}}