{"id":18265,"date":"2025-10-23T17:00:01","date_gmt":"2025-10-23T15:00:01","guid":{"rendered":"https:\/\/elcafedepipa.com\/?p=18265"},"modified":"2025-10-23T17:00:02","modified_gmt":"2025-10-23T15:00:02","slug":"la-unio-insta-la-conselleria-dagricultura-i-a-agroseguro-a-oferir-un-servei-de-retirada-danimals-morts-mes-agil-transparent-i-economic","status":"publish","type":"post","link":"https:\/\/elcafedepipa.com\/index.php\/2025\/10\/23\/la-unio-insta-la-conselleria-dagricultura-i-a-agroseguro-a-oferir-un-servei-de-retirada-danimals-morts-mes-agil-transparent-i-economic\/","title":{"rendered":"LA UNI\u00d3 insta la Conselleria d&#8217;Agricultura i a Agroseguro a oferir un servei de retirada d&#8217;animals morts m\u00e9s \u00e0gil, transparent i econ\u00f2mic"},"content":{"rendered":"\n<p>La Uni\u00f3 Llauradora i Ramadera exigeix a Agroseguro i a la Conselleria d&#8217;Agricultura que adopten mesures urgents per a millorar la rapidesa, la transpar\u00e8ncia i el cost del servei de retirada i destrucci\u00f3 d&#8217;animals morts, despr\u00e9s d&#8217;analitzar els resultats d&#8217;una enquesta realitzada entre ramaders i ramaderes de la Comunitat Valenciana.<\/p>\n\n\n\n<p>L&#8217;estudi, elaborat per l&#8217;organitzaci\u00f3 agr\u00e0ria durant les \u00faltimes setmanes, revela que m\u00e9s del 38% de les explotacions pateix retards superiors a les 48 hores en la recollida, especialment durant els mesos d&#8217;estiu, quan les altes temperatures agreugen els problemes d&#8217;olors, mol\u00e8sties ve\u00efnals i riscos sanitaris.<\/p>\n\n\n\n<p>\u201cEls ramaders compleixen amb totes les seues obligacions sanit\u00e0ries i econ\u00f2miques, per\u00f2 el servei no respon amb la mateixa efic\u00e0cia\u201d, den\u00fancia el secretari general de LA UNI\u00d3, Carles Peris, qui reclama \u201cun comprom\u00eds real de Agroseguro i de la Conselleria d&#8217;Agricultura per a garantir la retirada en menys de 48 hores i millorar els mitjans t\u00e8cnics de les empreses gestores\u201d.<\/p>\n\n\n\n<p><strong>Retards, costos elevats i falta d&#8217;informaci\u00f3<\/strong><\/p>\n\n\n\n<p>L&#8217;enquesta revela que el 69% dels participants considera que el cost del servei \u00e9s excessiu, i un 26% manifesta dubtes sobre la claredat de la informaci\u00f3 que ofereix Agroseguro en el seu web. A m\u00e9s, quasi un 30%, assegura no rebre justificants o albarans despr\u00e9s de la retirada, la qual cosa genera inseguretat administrativa en les explotacions.<\/p>\n\n\n\n<p>\u201cNo \u00e9s raonable pagar una asseguran\u00e7a tan cara per a tindre un servei que en molts casos arriba tard i sense transpar\u00e8ncia\u201d, afig Peris, qui considera que \u201cels ramaders necessiten saber quins quilos es retiren, quan i amb quina tra\u00e7abilitat, i rebre els documents corresponents de manera immediata, tal com exigeix la normativa sanit\u00e0ria\u201d.<\/p>\n\n\n\n<p>LA UNI\u00d3 insisteix que la situaci\u00f3 requereix una revisi\u00f3 integral del sistema de recollida i gesti\u00f3 i una major coordinaci\u00f3 entre Agroseguro, les empreses gestores i l&#8217;Administraci\u00f3 auton\u00f2mica per a evitar disfuncions que acaben afectant el sector ramader.<\/p>\n\n\n\n<p>\u201cEl camp valenci\u00e0 est\u00e0 complint, per\u00f2 necessita serveis \u00e0gils, nets i concordes amb la realitat productiva. No pot ser que una avaria de cami\u00f3 o una mala planificaci\u00f3 suposen cinc dies d&#8217;espera amb animals morts en una granja en ple estiu\u201d, subratlla Peris.<\/p>\n\n\n\n<p>LA UNI\u00d3 manifesta la seua disposici\u00f3 a col\u00b7laborar activament en la millora del sistema, aportant les propostes arreplegades en aquesta enquesta i traslladant totes les demandes del sector als organismes responsables.<\/p>\n\n\n\n<p>En aquest sentit, a partir de l&#8217;an\u00e0lisi dels resultats, LA UNI\u00d3 planteja diverses reivindicacions concretes a Agroseguro, les empreses gestores i l&#8217;Administraci\u00f3 com \u00e9s la del compliment estricte del termini m\u00e0xim de 48 hores per a la retirada d&#8217;animals, amb protocols d&#8217;actuaci\u00f3 r\u00e0pida en casos de mortalitat elevada, aix\u00ed com un refor\u00e7 del servei durant els mesos d&#8217;estiu, quan les incid\u00e8ncies s\u00f3n m\u00e9s greus. D&#8217;altra banda, l&#8217;organitzaci\u00f3 sol\u00b7licita major transpar\u00e8ncia en la informaci\u00f3, amb lliurament obligatori de justificants i detall de quilos, matr\u00edcula del cami\u00f3 i conductor. Insta aix\u00ed mateix a crear una aplicaci\u00f3 m\u00f2bil o sistema digital que permeta consultar retirades, quilos i avisos en temps real.<\/p>\n\n\n\n<p>Tamb\u00e9 demanda LA UNI\u00d3 una millora dels mitjans materials, garantint camions herm\u00e8tics, rutes planificades i evitant el tr\u00e0nsit per zones urbanes. Unes altres de les peticions de La Uni\u00f3 Llauradora i Ramadera s\u00f3n la revisi\u00f3 a la baixa del cost de l\u2019asseguran\u00e7a i del servei, el restabliment de la subvenci\u00f3 p\u00fablica als rec\u00e0rrecs per sinistralitat elevada, actualment no coberts ni pel Ministeri d&#8217;Agricultura ni per la Generalitat Valenciana, i que ENESA augmente les subvencionades que mant\u00e9 congelades des de fa anys mentre el cost no para de pujar.<\/p>\n","protected":false},"excerpt":{"rendered":"<p>La Uni\u00f3 Llauradora i Ramadera exigeix a Agroseguro i a la Conselleria d&#8217;Agricultura que adopten mesures urgents per a millorar la rapidesa, la transpar\u00e8ncia i el cost del servei de retirada i destrucci\u00f3 d&#8217;animals morts, despr\u00e9s d&#8217;analitzar els resultats d&#8217;una enquesta realitzada entre ramaders i ramaderes de la Comunitat Valenciana. L&#8217;estudi, elaborat per l&#8217;organitzaci\u00f3 agr\u00e0ria &#8230; <a title=\"LA UNI\u00d3 insta la Conselleria d&#8217;Agricultura i a Agroseguro a oferir un servei de retirada d&#8217;animals morts m\u00e9s \u00e0gil, transparent i econ\u00f2mic\" class=\"read-more\" href=\"https:\/\/elcafedepipa.com\/index.php\/2025\/10\/23\/la-unio-insta-la-conselleria-dagricultura-i-a-agroseguro-a-oferir-un-servei-de-retirada-danimals-morts-mes-agil-transparent-i-economic\/\" aria-label=\"M\u00e9s informaci\u00f3 sobre LA UNI\u00d3 insta la Conselleria d&#8217;Agricultura i a Agroseguro a oferir un servei de retirada d&#8217;animals morts m\u00e9s \u00e0gil, transparent i econ\u00f2mic\">Read more<\/a><\/p>\n","protected":false},"author":2,"featured_media":18266,"comment_status":"closed","ping_status":"closed","sticky":false,"template":"","format":"standard","meta":{"om_disable_all_campaigns":false,"_monsterinsights_skip_tracking":false,"_monsterinsights_sitenote_active":false,"_monsterinsights_sitenote_note":"","_monsterinsights_sitenote_category":0,"_uf_show_specific_survey":0,"_uf_disable_surveys":false,"footnotes":""},"categories":[11],"tags":[],"class_list":["post-18265","post","type-post","status-publish","format-standard","has-post-thumbnail","hentry","category-comunitatvalenciana"],"_links":{"self":[{"href":"https:\/\/elcafedepipa.com\/index.php\/wp-json\/wp\/v2\/posts\/18265","targetHints":{"allow":["GET"]}}],"collection":[{"href":"https:\/\/elcafedepipa.com\/index.php\/wp-json\/wp\/v2\/posts"}],"about":[{"href":"https:\/\/elcafedepipa.com\/index.php\/wp-json\/wp\/v2\/types\/post"}],"author":[{"embeddable":true,"href":"https:\/\/elcafedepipa.com\/index.php\/wp-json\/wp\/v2\/users\/2"}],"replies":[{"embeddable":true,"href":"https:\/\/elcafedepipa.com\/index.php\/wp-json\/wp\/v2\/comments?post=18265"}],"version-history":[{"count":1,"href":"https:\/\/elcafedepipa.com\/index.php\/wp-json\/wp\/v2\/posts\/18265\/revisions"}],"predecessor-version":[{"id":18267,"href":"https:\/\/elcafedepipa.com\/index.php\/wp-json\/wp\/v2\/posts\/18265\/revisions\/18267"}],"wp:featuredmedia":[{"embeddable":true,"href":"https:\/\/elcafedepipa.com\/index.php\/wp-json\/wp\/v2\/media\/18266"}],"wp:attachment":[{"href":"https:\/\/elcafedepipa.com\/index.php\/wp-json\/wp\/v2\/media?parent=18265"}],"wp:term":[{"taxonomy":"category","embeddable":true,"href":"https:\/\/elcafedepipa.com\/index.php\/wp-json\/wp\/v2\/categories?post=18265"},{"taxonomy":"post_tag","embeddable":true,"href":"https:\/\/elcafedepipa.com\/index.php\/wp-json\/wp\/v2\/tags?post=18265"}],"curies":[{"name":"wp","href":"https:\/\/api.w.org\/{rel}","templated":true}]}}