{"id":18225,"date":"2025-10-23T11:12:04","date_gmt":"2025-10-23T09:12:04","guid":{"rendered":"https:\/\/elcafedepipa.com\/?p=18225"},"modified":"2025-10-23T11:12:05","modified_gmt":"2025-10-23T09:12:05","slug":"lajuntament-de-la-llosa-posa-en-marxa-el-servei-de-taxi-medic-per-a-facilitar-els-desplacaments-sanitaris","status":"publish","type":"post","link":"https:\/\/elcafedepipa.com\/index.php\/2025\/10\/23\/lajuntament-de-la-llosa-posa-en-marxa-el-servei-de-taxi-medic-per-a-facilitar-els-desplacaments-sanitaris\/","title":{"rendered":"L\u2019Ajuntament de la Llosa posa en marxa el servei de taxi m\u00e8dic per a facilitar els despla\u00e7aments sanitaris"},"content":{"rendered":"\n<p>L\u2019Ajuntament de la Llosa ha posat en marxa el <strong>servei de taxi m\u00e8dic<\/strong>, una iniciativa de transport a demanda destinada a facilitar els despla\u00e7aments dels ve\u00efns i ve\u00efnes del municipi per a acudir a les seues cites m\u00e8diques.<\/p>\n\n\n\n<p>El servei estar\u00e0 disponible <strong>del 20 d\u2019octubre al 20 de desembre de 2025<\/strong> i compta amb el finan\u00e7ament de la <strong>Diputaci\u00f3 Provincial de Castell\u00f3<\/strong>.<\/p>\n\n\n\n<p>Les persones interessades poden sol\u00b7licitar aquest servei a les depend\u00e8ncies municipals presentant la documentaci\u00f3 requerida.<\/p>\n\n\n\n<p>L\u2019alcalde de la Llosa, <strong>Ximo Llopis<\/strong>, ha destacat que \u201ceste tipus d\u2019ajudes milloren la qualitat de vida i asseguren l\u2019acc\u00e9s a la sanitat per a tots els ve\u00efns i ve\u00efnes del municipi\u201d.<\/p>\n\n\n\n<p>Amb aquesta actuaci\u00f3, el consistori reafirma el seu comprom\u00eds amb les pol\u00edtiques socials i la millora dels serveis p\u00fablics destinats a la ciutadania.<\/p>\n","protected":false},"excerpt":{"rendered":"<p>L\u2019Ajuntament de la Llosa ha posat en marxa el servei de taxi m\u00e8dic, una iniciativa de transport a demanda destinada a facilitar els despla\u00e7aments dels ve\u00efns i ve\u00efnes del municipi per a acudir a les seues cites m\u00e8diques. El servei estar\u00e0 disponible del 20 d\u2019octubre al 20 de desembre de 2025 i compta amb el &#8230; <a title=\"L\u2019Ajuntament de la Llosa posa en marxa el servei de taxi m\u00e8dic per a facilitar els despla\u00e7aments sanitaris\" class=\"read-more\" href=\"https:\/\/elcafedepipa.com\/index.php\/2025\/10\/23\/lajuntament-de-la-llosa-posa-en-marxa-el-servei-de-taxi-medic-per-a-facilitar-els-desplacaments-sanitaris\/\" aria-label=\"M\u00e9s informaci\u00f3 sobre L\u2019Ajuntament de la Llosa posa en marxa el servei de taxi m\u00e8dic per a facilitar els despla\u00e7aments sanitaris\">Read more<\/a><\/p>\n","protected":false},"author":2,"featured_media":18226,"comment_status":"closed","ping_status":"closed","sticky":false,"template":"","format":"standard","meta":{"om_disable_all_campaigns":false,"_monsterinsights_skip_tracking":false,"_monsterinsights_sitenote_active":false,"_monsterinsights_sitenote_note":"","_monsterinsights_sitenote_category":0,"_uf_show_specific_survey":0,"_uf_disable_surveys":false,"footnotes":""},"categories":[8],"tags":[],"class_list":["post-18225","post","type-post","status-publish","format-standard","has-post-thumbnail","hentry","category-lallosa"],"_links":{"self":[{"href":"https:\/\/elcafedepipa.com\/index.php\/wp-json\/wp\/v2\/posts\/18225","targetHints":{"allow":["GET"]}}],"collection":[{"href":"https:\/\/elcafedepipa.com\/index.php\/wp-json\/wp\/v2\/posts"}],"about":[{"href":"https:\/\/elcafedepipa.com\/index.php\/wp-json\/wp\/v2\/types\/post"}],"author":[{"embeddable":true,"href":"https:\/\/elcafedepipa.com\/index.php\/wp-json\/wp\/v2\/users\/2"}],"replies":[{"embeddable":true,"href":"https:\/\/elcafedepipa.com\/index.php\/wp-json\/wp\/v2\/comments?post=18225"}],"version-history":[{"count":1,"href":"https:\/\/elcafedepipa.com\/index.php\/wp-json\/wp\/v2\/posts\/18225\/revisions"}],"predecessor-version":[{"id":18227,"href":"https:\/\/elcafedepipa.com\/index.php\/wp-json\/wp\/v2\/posts\/18225\/revisions\/18227"}],"wp:featuredmedia":[{"embeddable":true,"href":"https:\/\/elcafedepipa.com\/index.php\/wp-json\/wp\/v2\/media\/18226"}],"wp:attachment":[{"href":"https:\/\/elcafedepipa.com\/index.php\/wp-json\/wp\/v2\/media?parent=18225"}],"wp:term":[{"taxonomy":"category","embeddable":true,"href":"https:\/\/elcafedepipa.com\/index.php\/wp-json\/wp\/v2\/categories?post=18225"},{"taxonomy":"post_tag","embeddable":true,"href":"https:\/\/elcafedepipa.com\/index.php\/wp-json\/wp\/v2\/tags?post=18225"}],"curies":[{"name":"wp","href":"https:\/\/api.w.org\/{rel}","templated":true}]}}