{"id":18221,"date":"2025-10-23T11:09:12","date_gmt":"2025-10-23T09:09:12","guid":{"rendered":"https:\/\/elcafedepipa.com\/?p=18221"},"modified":"2025-10-23T11:09:13","modified_gmt":"2025-10-23T09:09:13","slug":"el-ppcv-demana-a-les-corts-mesures-concretes-per-a-protegir-els-veins-del-serrallo-a-almassora","status":"publish","type":"post","link":"https:\/\/elcafedepipa.com\/index.php\/2025\/10\/23\/el-ppcv-demana-a-les-corts-mesures-concretes-per-a-protegir-els-veins-del-serrallo-a-almassora\/","title":{"rendered":"El PPCV demana a Les Corts mesures concretes per a protegir els ve\u00efns del Serrallo a Almassora"},"content":{"rendered":"\n<p>El <strong>Partit Popular de la Comunitat Valenciana (PPCV)<\/strong> ha presentat una <strong>proposta en Les Corts Valencianes<\/strong> en la qual sol\u00b7licita <strong>aprovar mesures concretes per a protegir els ve\u00efns del Serrallo d\u2019Almassora<\/strong>, millorar la seua qualitat de vida i, al mateix temps, <strong>afavorir la captaci\u00f3 d\u2019inversions<\/strong> a la Comunitat Valenciana.<\/p>\n\n\n\n<p>Aix\u00ed ho ha assenyalat el <strong>portaveu adjunt del GPP, Salvador Aguilella<\/strong>, qui ha destacat que \u201ccal compatibilitzar l\u2019activitat de les empreses amb la vida de les persones. Fa massa anys que els ve\u00efns estan patint les mol\u00e8sties derivades de l\u2019activitat industrial de les empreses ubicades al pol\u00edgon del Serrallo. Per aix\u00f2, tant des de l\u2019Ajuntament com des de la Generalitat Valenciana, ja s\u2019han pres mesures i s\u2019est\u00e0 col\u00b7laborant per a pal\u00b7liar aquesta situaci\u00f3\u201d.<\/p>\n\n\n\n<p>Aguilella ha recordat que \u201cambdues administracions ja han acordat i estan treballant en una s\u00e8rie de garanties per a <strong>protegir els residents i garantir el descans de la poblaci\u00f3<\/strong> davant de les mol\u00e8sties ocasionades per l\u2019activitat industrial. A m\u00e9s, tamb\u00e9 es van comprometre a impulsar la <strong>neteja i condicionament dels terrenys municipals<\/strong> pr\u00f2xims al pol\u00edgon, la <strong>creaci\u00f3 d\u2019una \u00e0mplia zona enjardinada<\/strong> que redu\u00efsca l\u2019impacte paisatg\u00edstic generat per les empreses i el <strong>disseny d\u2019un vial r\u00e0pid<\/strong> que connecte directament el nucli costaner amb la zona urbana. S\u00f3n mesures clares que ja s\u2019han comen\u00e7at a executar\u201d.<\/p>\n\n\n\n<p>El portaveu popular ha explicat que la <strong>proposici\u00f3 no de llei registrada en Les Corts<\/strong>, i que pr\u00f2ximament ser\u00e0 votada, \u201ccont\u00e9 <strong>set punts concrets<\/strong> en qu\u00e8 s\u2019insta el Consell a establir mesures correctores a les empreses per a garantir el compliment de la normativa. Esperem que tots els grups pol\u00edtics s\u2019hi adhereixen, encara que cal recordar que durant els huit anys anteriors de govern del PSOE i Comprom\u00eds, tant a la Generalitat com a l\u2019Ajuntament, no es va fer res per a solucionar aquest problema\u201d.<\/p>\n\n\n\n<hr class=\"wp-block-separator has-alpha-channel-opacity\"\/>\n\n\n\n<h3 class=\"wp-block-heading\"><strong>Text \u00edntegre de la proposta de resoluci\u00f3<\/strong><\/h3>\n\n\n\n<p><strong>Les Corts Valencianes insten el Consell a:<\/strong><\/p>\n\n\n\n<ol class=\"wp-block-list\">\n<li>Continuar minimitzant les mol\u00e8sties provocades per l\u2019activitat industrial i avan\u00e7ar en solucions que recuperen espais i milloren l\u2019entorn per als residents de la zona de la platja d\u2019Almassora.<\/li>\n\n\n\n<li>Exigir a les empreses del pol\u00edgon del Serrallo que oferisquen garanties als ve\u00efns de la platja d\u2019Almassora per a eliminar les mol\u00e8sties derivades de la seua activitat industrial.<\/li>\n\n\n\n<li>Avan\u00e7ar en el desenvolupament i aplicaci\u00f3 d\u2019accions i mesures correctores i compensat\u00f2ries encaminades a millorar la qualitat de vida dels ve\u00efns afectats per la proximitat de la zona industrial.<\/li>\n\n\n\n<li>Establir i realitzar un seguiment exhaustiu del proc\u00e9s per a garantir el descans dels residents i el compliment de la legalitat i de la normativa per part de les ind\u00fastries.<\/li>\n\n\n\n<li>Col\u00b7laborar amb l\u2019Ajuntament d\u2019Almassora en el projecte de <strong>renaturalitzaci\u00f3 dels terrenys municipals<\/strong> que actualment estan sent <strong>nete\u00adjats i condicionats<\/strong>.<\/li>\n\n\n\n<li>Executar la <strong>creaci\u00f3 d\u2019una gran franja verda<\/strong> que servisca per a <strong>minimitzar l\u2019impacte paisatg\u00edstic<\/strong> provocat per les empreses del pol\u00edgon.<\/li>\n\n\n\n<li>Impulsar <strong>el projecte d\u2019un vial r\u00e0pid<\/strong> que connecte de manera directa el <strong>nucli costaner d\u2019Almassora amb la seua zona urbana<\/strong>, tal com, per primera vegada, es contempla als <strong>pressupostos de la Generalitat per a l\u2019exercici actual<\/strong>.<\/li>\n<\/ol>\n","protected":false},"excerpt":{"rendered":"<p>El Partit Popular de la Comunitat Valenciana (PPCV) ha presentat una proposta en Les Corts Valencianes en la qual sol\u00b7licita aprovar mesures concretes per a protegir els ve\u00efns del Serrallo d\u2019Almassora, millorar la seua qualitat de vida i, al mateix temps, afavorir la captaci\u00f3 d\u2019inversions a la Comunitat Valenciana. Aix\u00ed ho ha assenyalat el portaveu &#8230; <a title=\"El PPCV demana a Les Corts mesures concretes per a protegir els ve\u00efns del Serrallo a Almassora\" class=\"read-more\" href=\"https:\/\/elcafedepipa.com\/index.php\/2025\/10\/23\/el-ppcv-demana-a-les-corts-mesures-concretes-per-a-protegir-els-veins-del-serrallo-a-almassora\/\" aria-label=\"M\u00e9s informaci\u00f3 sobre El PPCV demana a Les Corts mesures concretes per a protegir els ve\u00efns del Serrallo a Almassora\">Read more<\/a><\/p>\n","protected":false},"author":2,"featured_media":18222,"comment_status":"closed","ping_status":"closed","sticky":false,"template":"","format":"standard","meta":{"om_disable_all_campaigns":false,"_monsterinsights_skip_tracking":false,"_monsterinsights_sitenote_active":false,"_monsterinsights_sitenote_note":"","_monsterinsights_sitenote_category":0,"_uf_show_specific_survey":0,"_uf_disable_surveys":false,"footnotes":""},"categories":[11],"tags":[],"class_list":["post-18221","post","type-post","status-publish","format-standard","has-post-thumbnail","hentry","category-comunitatvalenciana"],"_links":{"self":[{"href":"https:\/\/elcafedepipa.com\/index.php\/wp-json\/wp\/v2\/posts\/18221","targetHints":{"allow":["GET"]}}],"collection":[{"href":"https:\/\/elcafedepipa.com\/index.php\/wp-json\/wp\/v2\/posts"}],"about":[{"href":"https:\/\/elcafedepipa.com\/index.php\/wp-json\/wp\/v2\/types\/post"}],"author":[{"embeddable":true,"href":"https:\/\/elcafedepipa.com\/index.php\/wp-json\/wp\/v2\/users\/2"}],"replies":[{"embeddable":true,"href":"https:\/\/elcafedepipa.com\/index.php\/wp-json\/wp\/v2\/comments?post=18221"}],"version-history":[{"count":1,"href":"https:\/\/elcafedepipa.com\/index.php\/wp-json\/wp\/v2\/posts\/18221\/revisions"}],"predecessor-version":[{"id":18224,"href":"https:\/\/elcafedepipa.com\/index.php\/wp-json\/wp\/v2\/posts\/18221\/revisions\/18224"}],"wp:featuredmedia":[{"embeddable":true,"href":"https:\/\/elcafedepipa.com\/index.php\/wp-json\/wp\/v2\/media\/18222"}],"wp:attachment":[{"href":"https:\/\/elcafedepipa.com\/index.php\/wp-json\/wp\/v2\/media?parent=18221"}],"wp:term":[{"taxonomy":"category","embeddable":true,"href":"https:\/\/elcafedepipa.com\/index.php\/wp-json\/wp\/v2\/categories?post=18221"},{"taxonomy":"post_tag","embeddable":true,"href":"https:\/\/elcafedepipa.com\/index.php\/wp-json\/wp\/v2\/tags?post=18221"}],"curies":[{"name":"wp","href":"https:\/\/api.w.org\/{rel}","templated":true}]}}