{"id":18217,"date":"2025-10-23T10:24:32","date_gmt":"2025-10-23T08:24:32","guid":{"rendered":"https:\/\/elcafedepipa.com\/?p=18217"},"modified":"2025-10-23T10:24:33","modified_gmt":"2025-10-23T08:24:33","slug":"les-families-dalmenara-sestalvien-400-000-euros-gracies-a-la-gratuitat-de-leducacio-de-0-a-3-anys","status":"publish","type":"post","link":"https:\/\/elcafedepipa.com\/index.php\/2025\/10\/23\/les-families-dalmenara-sestalvien-400-000-euros-gracies-a-la-gratuitat-de-leducacio-de-0-a-3-anys\/","title":{"rendered":"Les fam\u00edlies d&#8217;Almenara s&#8217;estalvien 400.000 euros gr\u00e0cies a la gratu\u00eftat de l&#8217;educaci\u00f3 de 0 a 3 anys"},"content":{"rendered":"\n<p>La conciliaci\u00f3 familiar \u00e9s un objectiu \u201cde totes les administracions, per\u00f2 nom\u00e9s una l&#8217;ha fet possible\u201d. Aix\u00ed ho defenen els membres del Grup Municipal del PP a Almenara, els qui han posat en valor el comprom\u00eds del Consell del Partit Popular per a assegurar a les fam\u00edlies amb fills de 0 a 3 anys l&#8217;acc\u00e9s gratu\u00eft a una pla\u00e7a en una centre d&#8217;educaci\u00f3 infantil.<\/p>\n\n\n\n<p>A Almenara existix un centre de car\u00e0cter municipal que any rere any creix en demanda. En el curs 2025-26 s\u00f3n 106 els alumnes que van iniciar l&#8217;etapa educativa de 0 a 3 anys i \u201cprop d&#8217;un centenar les fam\u00edlies que hui s&#8217;estalvien un c\u00e0rrec important que amb l&#8217;anterior Consell, de PSOE i Comprom\u00eds, havien d&#8217;afrontar-ho dels seus sous\u201d.<\/p>\n\n\n\n<p>Quasi 400.000 euros, tal com expliquen des del PP, s&#8217;estalviaran les fam\u00edlies d&#8217;Almenara este curs lectiu. \u201cEs tracta d&#8217;un import notable, que es xifra en 398.800 euros, i que demostra l&#8217;impacte que t\u00e9 sobre les fam\u00edlies, moltes amb dos fills en esta etapa que havien d&#8217;afrontar costos de 700 euros cada m\u00e9s que ara no han de pagar. Ho paga la Generalitat Valenciana\u201d. Finalment, el Grup Municipal del PP ha posat en valor \u201cles pol\u00edtiques eficaces que concilien i que garantixen a mares i pares compatibilitzar l&#8217;atenci\u00f3 dels seus fills menors amb les seues responsabilitats laborals. Ara s\u00ed que es complix amb les fam\u00edlies, es fomenta la conciliaci\u00f3, es facilita l&#8217;ocupaci\u00f3 laboral dels tutors i s&#8217;allibera molts avis d&#8217;una atenci\u00f3 que abans havien de prestar perqu\u00e8 els seus fills s&#8217;evitaren un gasto important. Tots eixim beneficiats\u201d, han assenyalat des del PP d&#8217;Almenara.<\/p>\n","protected":false},"excerpt":{"rendered":"<p>La conciliaci\u00f3 familiar \u00e9s un objectiu \u201cde totes les administracions, per\u00f2 nom\u00e9s una l&#8217;ha fet possible\u201d. Aix\u00ed ho defenen els membres del Grup Municipal del PP a Almenara, els qui han posat en valor el comprom\u00eds del Consell del Partit Popular per a assegurar a les fam\u00edlies amb fills de 0 a 3 anys l&#8217;acc\u00e9s &#8230; <a title=\"Les fam\u00edlies d&#8217;Almenara s&#8217;estalvien 400.000 euros gr\u00e0cies a la gratu\u00eftat de l&#8217;educaci\u00f3 de 0 a 3 anys\" class=\"read-more\" href=\"https:\/\/elcafedepipa.com\/index.php\/2025\/10\/23\/les-families-dalmenara-sestalvien-400-000-euros-gracies-a-la-gratuitat-de-leducacio-de-0-a-3-anys\/\" aria-label=\"M\u00e9s informaci\u00f3 sobre Les fam\u00edlies d&#8217;Almenara s&#8217;estalvien 400.000 euros gr\u00e0cies a la gratu\u00eftat de l&#8217;educaci\u00f3 de 0 a 3 anys\">Read more<\/a><\/p>\n","protected":false},"author":2,"featured_media":18219,"comment_status":"closed","ping_status":"closed","sticky":false,"template":"","format":"standard","meta":{"om_disable_all_campaigns":false,"_monsterinsights_skip_tracking":false,"_monsterinsights_sitenote_active":false,"_monsterinsights_sitenote_note":"","_monsterinsights_sitenote_category":0,"_uf_show_specific_survey":0,"_uf_disable_surveys":false,"footnotes":""},"categories":[5],"tags":[],"class_list":["post-18217","post","type-post","status-publish","format-standard","has-post-thumbnail","hentry","category-almenara"],"_links":{"self":[{"href":"https:\/\/elcafedepipa.com\/index.php\/wp-json\/wp\/v2\/posts\/18217","targetHints":{"allow":["GET"]}}],"collection":[{"href":"https:\/\/elcafedepipa.com\/index.php\/wp-json\/wp\/v2\/posts"}],"about":[{"href":"https:\/\/elcafedepipa.com\/index.php\/wp-json\/wp\/v2\/types\/post"}],"author":[{"embeddable":true,"href":"https:\/\/elcafedepipa.com\/index.php\/wp-json\/wp\/v2\/users\/2"}],"replies":[{"embeddable":true,"href":"https:\/\/elcafedepipa.com\/index.php\/wp-json\/wp\/v2\/comments?post=18217"}],"version-history":[{"count":1,"href":"https:\/\/elcafedepipa.com\/index.php\/wp-json\/wp\/v2\/posts\/18217\/revisions"}],"predecessor-version":[{"id":18220,"href":"https:\/\/elcafedepipa.com\/index.php\/wp-json\/wp\/v2\/posts\/18217\/revisions\/18220"}],"wp:featuredmedia":[{"embeddable":true,"href":"https:\/\/elcafedepipa.com\/index.php\/wp-json\/wp\/v2\/media\/18219"}],"wp:attachment":[{"href":"https:\/\/elcafedepipa.com\/index.php\/wp-json\/wp\/v2\/media?parent=18217"}],"wp:term":[{"taxonomy":"category","embeddable":true,"href":"https:\/\/elcafedepipa.com\/index.php\/wp-json\/wp\/v2\/categories?post=18217"},{"taxonomy":"post_tag","embeddable":true,"href":"https:\/\/elcafedepipa.com\/index.php\/wp-json\/wp\/v2\/tags?post=18217"}],"curies":[{"name":"wp","href":"https:\/\/api.w.org\/{rel}","templated":true}]}}