{"id":1818,"date":"2024-06-04T13:42:00","date_gmt":"2024-06-04T11:42:00","guid":{"rendered":"https:\/\/elcafedepipa.com\/?p=1818"},"modified":"2024-06-04T09:55:51","modified_gmt":"2024-06-04T07:55:51","slug":"el-pati-de-les-aules-de-la-diputacio-de-castello-acull-la-ii-mostra-professional-de-vins-igp-castello","status":"publish","type":"post","link":"https:\/\/elcafedepipa.com\/index.php\/2024\/06\/04\/el-pati-de-les-aules-de-la-diputacio-de-castello-acull-la-ii-mostra-professional-de-vins-igp-castello\/","title":{"rendered":"El Pati de Les Aules de la Diputaci\u00f3 de Castell\u00f3 acull la II Mostra Professional de Vins IGP Castell\u00f3"},"content":{"rendered":"\n<p style=\"font-size:24px\"><strong>La trobada professional dona l&#8217;oportunitat de degustar la varietat i qualitat dels vins amb Indicaci\u00f3 Geogr\u00e0fica Protegida (IGP) <\/strong><\/p>\n\n\n\n<p>El Pati de Les Aules de la Diputaci\u00f3 Provincial de Castell\u00f3 acull durant el dia de hui la II Mostra Professional de Vins\u00a0IGP\u00a0Castell\u00f3, un esdeveniment exclusiu per a professionals del sector. El diputat de Sector Primari,\u00a0Sergio\u00a0Fornas, ha assistit a esta demostraci\u00f3 i ha mostrat el suport expr\u00e9s de la instituci\u00f3 provincial que\u00a0presideix\u00a0Marta\u00a0Barrachina\u00a0al sector vitivin\u00edcola de la prov\u00edncia. Esta trobada professional \u00e9s una oportunitat per a descobrir i\u00a0provar\u00a0la varietat i qualitat dels vins amb Indicaci\u00f3 Geogr\u00e0fica Protegida (IGP) Castell\u00f3, presentats pels cellers de Castell\u00f3 i pels\u00a0propis\u00a0cellerers. \u201cDes de la Diputaci\u00f3 de Castell\u00f3 estem realitzant una labor de promoci\u00f3, defensa i de valoraci\u00f3\u00a0del nostre sector primari, una labor que hui s&#8217;evidencia amb el suport que brindem a esta Mostra de Vins\u201d, ha destacat el diputat provincial.<\/p>\n\n\n\n<p>Fornas\u00a0ha agra\u00eft el treball de l&#8217;Associaci\u00f3 Vitivin\u00edcola de Castell\u00f3, aix\u00ed com dels cellerers i cellereres castellonenques, que han fet possible la II Mostra Professional de Vins\u00a0IGP\u00a0Castell\u00f3. \u201cEns trobem davant un esdeveniment que ens permet gaudir d&#8217;un producte \u00fanic, fet en esta meravellosa terra i que \u00e9s bandera de la marca Castell\u00f3 Ruta de Sabor. Este marc \u00e9s idoni no sols per a degustar els vins de Castell\u00f3, sin\u00f3 tamb\u00e9 per a generar un espai de contacte entre professionals i crear lla\u00e7os s\u00f2lids amb productors, distribu\u00efdors, sommeliers i altres professionals del sector\u201d, manifestava el diputat.<\/p>\n\n\n\n<p>Durant la jornada de hui, els assistents poden rec\u00f3rrer els diferents estands disposats al Pati de Les Aules i&nbsp;tastar&nbsp;una \u00e0mplia varietat de vins, des d&#8217;espumosos i blancs, fins a vins negres, i descobrir la riquesa, qualitat i diversitat dels vins castellonencs. Els nou cellers participants en esta segona edici\u00f3 provenen de set localitats de Castell\u00f3 i s\u00f3n: Bellmunt i Oliver Viticultors (Cabanes),&nbsp;Bodega&nbsp;Flors (Les&nbsp;Useres), Mas de Rander (Benlloc), Celler l\u2019Estanquer (Canet lo Roig),&nbsp;Bodegas&nbsp;Besalduch&nbsp;Valls &amp; Bellmunt (Sant Mateu),&nbsp;Bodegas&nbsp;y&nbsp;vi\u00f1edos&nbsp;Bar\u00f3n&nbsp;d\u2019Alba (Les&nbsp;Useres),&nbsp;Bodega&nbsp;Alcovi&nbsp;(Almed\u00edjar), Cooperativa de Viver (Viver) i,&nbsp;finalment, La Canetana (Canet lo Roig).<\/p>\n","protected":false},"excerpt":{"rendered":"<p>La trobada professional dona l&#8217;oportunitat de degustar la varietat i qualitat dels vins amb Indicaci\u00f3 Geogr\u00e0fica Protegida (IGP) El Pati de Les Aules de la Diputaci\u00f3 Provincial de Castell\u00f3 acull durant el dia de hui la II Mostra Professional de Vins\u00a0IGP\u00a0Castell\u00f3, un esdeveniment exclusiu per a professionals del sector. El diputat de Sector Primari,\u00a0Sergio\u00a0Fornas, ha &#8230; <a title=\"El Pati de Les Aules de la Diputaci\u00f3 de Castell\u00f3 acull la II Mostra Professional de Vins IGP Castell\u00f3\" class=\"read-more\" href=\"https:\/\/elcafedepipa.com\/index.php\/2024\/06\/04\/el-pati-de-les-aules-de-la-diputacio-de-castello-acull-la-ii-mostra-professional-de-vins-igp-castello\/\" aria-label=\"M\u00e9s informaci\u00f3 sobre El Pati de Les Aules de la Diputaci\u00f3 de Castell\u00f3 acull la II Mostra Professional de Vins IGP Castell\u00f3\">Read more<\/a><\/p>\n","protected":false},"author":2,"featured_media":1819,"comment_status":"closed","ping_status":"closed","sticky":false,"template":"","format":"standard","meta":{"om_disable_all_campaigns":false,"_monsterinsights_skip_tracking":false,"_monsterinsights_sitenote_active":false,"_monsterinsights_sitenote_note":"","_monsterinsights_sitenote_category":0,"_uf_show_specific_survey":0,"_uf_disable_surveys":false,"footnotes":""},"categories":[10],"tags":[],"class_list":["post-1818","post","type-post","status-publish","format-standard","has-post-thumbnail","hentry","category-provinciadecastello"],"_links":{"self":[{"href":"https:\/\/elcafedepipa.com\/index.php\/wp-json\/wp\/v2\/posts\/1818","targetHints":{"allow":["GET"]}}],"collection":[{"href":"https:\/\/elcafedepipa.com\/index.php\/wp-json\/wp\/v2\/posts"}],"about":[{"href":"https:\/\/elcafedepipa.com\/index.php\/wp-json\/wp\/v2\/types\/post"}],"author":[{"embeddable":true,"href":"https:\/\/elcafedepipa.com\/index.php\/wp-json\/wp\/v2\/users\/2"}],"replies":[{"embeddable":true,"href":"https:\/\/elcafedepipa.com\/index.php\/wp-json\/wp\/v2\/comments?post=1818"}],"version-history":[{"count":0,"href":"https:\/\/elcafedepipa.com\/index.php\/wp-json\/wp\/v2\/posts\/1818\/revisions"}],"wp:featuredmedia":[{"embeddable":true,"href":"https:\/\/elcafedepipa.com\/index.php\/wp-json\/wp\/v2\/media\/1819"}],"wp:attachment":[{"href":"https:\/\/elcafedepipa.com\/index.php\/wp-json\/wp\/v2\/media?parent=1818"}],"wp:term":[{"taxonomy":"category","embeddable":true,"href":"https:\/\/elcafedepipa.com\/index.php\/wp-json\/wp\/v2\/categories?post=1818"},{"taxonomy":"post_tag","embeddable":true,"href":"https:\/\/elcafedepipa.com\/index.php\/wp-json\/wp\/v2\/tags?post=1818"}],"curies":[{"name":"wp","href":"https:\/\/api.w.org\/{rel}","templated":true}]}}