{"id":18121,"date":"2025-10-21T13:21:23","date_gmt":"2025-10-21T11:21:23","guid":{"rendered":"https:\/\/elcafedepipa.com\/?p=18121"},"modified":"2025-10-21T13:21:24","modified_gmt":"2025-10-21T11:21:24","slug":"la-unio-alerta-dels-primers-robatoris-de-citrics-de-la-campanya-i-reclama-major-vigilancia-en-les-zones-productores","status":"publish","type":"post","link":"https:\/\/elcafedepipa.com\/index.php\/2025\/10\/21\/la-unio-alerta-dels-primers-robatoris-de-citrics-de-la-campanya-i-reclama-major-vigilancia-en-les-zones-productores\/","title":{"rendered":"LA UNI\u00d3 alerta dels primers robatoris de c\u00edtrics de la campanya i reclama major vigil\u00e0ncia en les zones productores"},"content":{"rendered":"\n<p>&nbsp;La Uni\u00f3 Llauradora rep ja queixes de llauradors davant els primers robatoris de la collita de c\u00edtrics que causen a m\u00e9s destrosses en els arbres i reclama davant aquesta situaci\u00f3 m\u00e9s vigil\u00e0ncia durant la campanya de recol\u00b7lecci\u00f3 en les zones productores de la Comunitat Valenciana. Aquestes primeres den\u00fancies arriben des de la comarca castellonenca de la Plana Baixa, encara que es produeixen tamb\u00e9 robatoris en altres zones.<\/p>\n\n\n\n<p>L&#8217;organitzaci\u00f3 traslladar\u00e0 a la Delegaci\u00f3 del Govern aquests fets i sol\u00b7licitar\u00e0 una major coordinaci\u00f3 dels efectius policials, sobretot del Grup ROCA especialitzat, durant aquesta campanya de recol\u00b7lecci\u00f3 del cultiu m\u00e9s important del camp valenci\u00e0.<\/p>\n\n\n\n<p>El descens de collita de c\u00edtrics previst en el nostre territori, amb una producci\u00f3 estimada en al voltant de 2,5 milions de tones, el que suposa un 8% menys que la passada campanya i un 23% inferior a la mitjana de les \u00faltimes, est\u00e0 propiciant una al\u00e7a dels preus i major valor de la fruita en aquest inici de la recol\u00b7lecci\u00f3. Aquesta circumst\u00e0ncia fa encara m\u00e9s atractiu el robatori de les collites i per aix\u00f2 es requereix d&#8217;un major control i vigil\u00e0ncia per part de les forces de Seguretat de l&#8217;Estat, de les policies locals i de les guarderies rurals municipals.<\/p>\n\n\n\n<p>Per aix\u00f2 LA UNI\u00d3 sol\u00b7licita un refor\u00e7 dels recursos personals i materials, sobretot del Grup ROCA, perqu\u00e8 les forces i cossos de seguretat puguen fer un treball m\u00e9s eficient i un esfor\u00e7 a desenvolupar i incorporar m\u00e8todes innovadors tant en la prevenci\u00f3 d&#8217;aquests delictes, com en la seua persecuci\u00f3 i resoluci\u00f3 com aix\u00ed demostren les dades de baix esclariment dels successos. En aquest sentit, nom\u00e9s un de cada quatre robatoris que es produeixen en el camp valenci\u00e0 es resol finalment, ja que dels 1.333 robatoris coneguts en la Comunitat Valenciana durant 2024 \u00fanicament es van esclarir 327, el 24,5%.<\/p>\n\n\n\n<p>Tamb\u00e9 insta LA UNI\u00d3 a perseguir el comer\u00e7 de mercaderia robada perqu\u00e8 \u201c\u00e9s clar que si alg\u00fa roba \u00e9s perqu\u00e8 alg\u00fa li ho compra. \u00c9s important la vigil\u00e0ncia per a intimidar, per\u00f2 tamb\u00e9 el compliment de la just\u00edcia i la persecuci\u00f3 dels canals de comercialitzaci\u00f3 il\u00b7l\u00edcits\u201d. L&#8217;organitzaci\u00f3 insta per tant a inspeccionar comer\u00e7os o magatzems sospitosos de comercialitzar productes robats.<\/p>\n\n\n\n<p>Una altra de les demandes de LA UNI\u00d3 passa per facilitar i agilitzar la presentaci\u00f3 de den\u00fancies per part de les persones afectades, perqu\u00e8 en moltes ocasions desisteixen d&#8217;interposar-les davant les dificultats que troben. Carles Peris, secretari general de LA UNI\u00d3, assenyala que \u201ccal tindre en compte que, a vegades, els propis llauradors i ramaders no denuncien per la dificultat que els suposa fer-ho, amb sistemes administratius poc \u00e0gils, aix\u00ed com pel des\u00e0nim davant la sensaci\u00f3 d&#8217;impunitat amb qu\u00e8 opera aquesta delinq\u00fc\u00e8ncia\u201d.<\/p>\n\n\n\n<p>Peris indica que \u201cnosaltres des de LA UNI\u00d3 recomanem que es denuncie sempre perqu\u00e8 si no tenim les dades reals del problema, ser\u00e0 m\u00e9s dif\u00edcil que ens facen cas per a trobar solucions\u201d.<\/p>\n","protected":false},"excerpt":{"rendered":"<p>&nbsp;La Uni\u00f3 Llauradora rep ja queixes de llauradors davant els primers robatoris de la collita de c\u00edtrics que causen a m\u00e9s destrosses en els arbres i reclama davant aquesta situaci\u00f3 m\u00e9s vigil\u00e0ncia durant la campanya de recol\u00b7lecci\u00f3 en les zones productores de la Comunitat Valenciana. Aquestes primeres den\u00fancies arriben des de la comarca castellonenca de &#8230; <a title=\"LA UNI\u00d3 alerta dels primers robatoris de c\u00edtrics de la campanya i reclama major vigil\u00e0ncia en les zones productores\" class=\"read-more\" href=\"https:\/\/elcafedepipa.com\/index.php\/2025\/10\/21\/la-unio-alerta-dels-primers-robatoris-de-citrics-de-la-campanya-i-reclama-major-vigilancia-en-les-zones-productores\/\" aria-label=\"M\u00e9s informaci\u00f3 sobre LA UNI\u00d3 alerta dels primers robatoris de c\u00edtrics de la campanya i reclama major vigil\u00e0ncia en les zones productores\">Read more<\/a><\/p>\n","protected":false},"author":2,"featured_media":18122,"comment_status":"closed","ping_status":"closed","sticky":false,"template":"","format":"standard","meta":{"om_disable_all_campaigns":false,"_monsterinsights_skip_tracking":false,"_monsterinsights_sitenote_active":false,"_monsterinsights_sitenote_note":"","_monsterinsights_sitenote_category":0,"_uf_show_specific_survey":0,"_uf_disable_surveys":false,"footnotes":""},"categories":[11],"tags":[],"class_list":["post-18121","post","type-post","status-publish","format-standard","has-post-thumbnail","hentry","category-comunitatvalenciana"],"_links":{"self":[{"href":"https:\/\/elcafedepipa.com\/index.php\/wp-json\/wp\/v2\/posts\/18121","targetHints":{"allow":["GET"]}}],"collection":[{"href":"https:\/\/elcafedepipa.com\/index.php\/wp-json\/wp\/v2\/posts"}],"about":[{"href":"https:\/\/elcafedepipa.com\/index.php\/wp-json\/wp\/v2\/types\/post"}],"author":[{"embeddable":true,"href":"https:\/\/elcafedepipa.com\/index.php\/wp-json\/wp\/v2\/users\/2"}],"replies":[{"embeddable":true,"href":"https:\/\/elcafedepipa.com\/index.php\/wp-json\/wp\/v2\/comments?post=18121"}],"version-history":[{"count":1,"href":"https:\/\/elcafedepipa.com\/index.php\/wp-json\/wp\/v2\/posts\/18121\/revisions"}],"predecessor-version":[{"id":18123,"href":"https:\/\/elcafedepipa.com\/index.php\/wp-json\/wp\/v2\/posts\/18121\/revisions\/18123"}],"wp:featuredmedia":[{"embeddable":true,"href":"https:\/\/elcafedepipa.com\/index.php\/wp-json\/wp\/v2\/media\/18122"}],"wp:attachment":[{"href":"https:\/\/elcafedepipa.com\/index.php\/wp-json\/wp\/v2\/media?parent=18121"}],"wp:term":[{"taxonomy":"category","embeddable":true,"href":"https:\/\/elcafedepipa.com\/index.php\/wp-json\/wp\/v2\/categories?post=18121"},{"taxonomy":"post_tag","embeddable":true,"href":"https:\/\/elcafedepipa.com\/index.php\/wp-json\/wp\/v2\/tags?post=18121"}],"curies":[{"name":"wp","href":"https:\/\/api.w.org\/{rel}","templated":true}]}}