{"id":18118,"date":"2025-10-21T13:19:49","date_gmt":"2025-10-21T11:19:49","guid":{"rendered":"https:\/\/elcafedepipa.com\/?p=18118"},"modified":"2025-10-21T13:19:50","modified_gmt":"2025-10-21T11:19:50","slug":"almenara-dona-5-535-euros-a-payasospital-gracies-al-sopar-solidari-de-les-calderes","status":"publish","type":"post","link":"https:\/\/elcafedepipa.com\/index.php\/2025\/10\/21\/almenara-dona-5-535-euros-a-payasospital-gracies-al-sopar-solidari-de-les-calderes\/","title":{"rendered":"Almenara dona 5.535 euros a Payasospital gr\u00e0cies al sopar solidari de \u201cLes Calderes\u201d"},"content":{"rendered":"\n<p>L\u2019Ajuntament d\u2019Almenara ha fet entrega a <strong>Payasospital<\/strong> dels <strong>5.535 euros recaptats<\/strong> en el <strong>sopar solidari de \u201cLes Calderes\u201d<\/strong>, celebrat el passat <strong>2 d\u2019octubre<\/strong> dins de les festes patronals del municipi.<\/p>\n\n\n\n<p>L\u2019acte de lliurament va tindre lloc a l\u2019<strong>Escola Infantil Municipal<\/strong>, on les artistes de Payasospital van oferir una <strong>visita molt especial<\/strong>, omplint el centre de <strong>somriures, m\u00fasica, m\u00e0gia, jocs i color<\/strong> durant tota la jornada.<\/p>\n\n\n\n<h3 class=\"wp-block-heading\">Suport a una gran labor social<\/h3>\n\n\n\n<p>L\u2019alcaldessa d\u2019Almenara, <strong>Est\u00edbaliz P\u00e9rez<\/strong>, va destacar que \u201c<strong>cada any destinem la recaptaci\u00f3 del sopar de Les Calderes a una entitat diferent, i enguany hem triat Payasospital per la seua gran labor social amb els xiquets i xiquetes hospitalitzats<\/strong> de la Comunitat Valenciana. Porten alegria a qui m\u00e9s la necessita, una acci\u00f3 que duen a terme des de fa 26 anys i que mereix tot el nostre reconeixement i suport\u201d.<\/p>\n\n\n\n<p>P\u00e9rez tamb\u00e9 va agrair la implicaci\u00f3 del ve\u00efnat: \u201c<strong>Gr\u00e0cies a totes les persones que van aportar el seu euro solidari per aquesta causa tan bonica. Entre tots i totes, sumem somriures<\/strong>\u201d.<\/p>\n\n\n\n<h3 class=\"wp-block-heading\">Ter\u00e0pia de l\u2019humor als hospitals<\/h3>\n\n\n\n<p>Mitjan\u00e7ant la <strong>ter\u00e0pia de l\u2019humor<\/strong>, Payasospital ofereix <strong>suport psicosocial<\/strong> als menors ingressats i a les seues fam\u00edlies, amb l\u2019objectiu de <strong>millorar el seu benestar emocional i la seua qualitat de vida<\/strong>. Els seus artistes utilitzen recursos com la <strong>m\u00fasica, les marionetes o les bombolles de sab\u00f3<\/strong>, aconseguint que els pacients i familiars es relaxen, alliberen tensions i afronten millor els tractaments m\u00e8dics.<\/p>\n\n\n\n<h3 class=\"wp-block-heading\">Pres\u00e8ncia en hospitals i domicilis<\/h3>\n\n\n\n<p>Payasospital realitza <strong>visites regulars en parella<\/strong> a les unitats d\u2019<strong>oncologia infantil<\/strong> i serveis pedi\u00e0trics de <strong>dotze hospitals p\u00fablics<\/strong> de la Comunitat Valenciana. Tamb\u00e9 desenvolupa el <strong>programa PAU<\/strong>, d\u2019atenci\u00f3 domicili\u00e0ria, amb el qual els pallassos visiten als menors en les seues llars juntament amb els equips m\u00e8dics.<\/p>\n\n\n\n<p>A m\u00e9s, <strong>acompanyen els xiquets fins al quir\u00f2fan<\/strong>, oferint suport emocional en moments especialment delicats. Totes les intervencions s\u00f3n <strong>personalitzades i adaptades<\/strong> a les circumst\u00e0ncies de cada menor.<\/p>\n\n\n\n<h3 class=\"wp-block-heading\">M\u00e9s de 370.000 menors atesos en 26 anys<\/h3>\n\n\n\n<p>En els seus <strong>26 anys d\u2019hist\u00f2ria<\/strong>, Payasospital ha visitat prop de <strong>370.000 menors hospitalitzats<\/strong>. Nom\u00e9s en <strong>2024<\/strong>, van realitzar <strong>21.367 atencions<\/strong> a menors, <strong>24.291 interaccions<\/strong> amb familiars i <strong>19.056 amb professionals sanitaris<\/strong>.<\/p>\n\n\n\n<p>Per a dur a terme aquesta tasca, l\u2019entitat compta amb <strong>33 pallassos professionals<\/strong> formats espec\u00edficament per actuar en hospitals i domicilis, oferint un treball <strong>art\u00edstic i terap\u00e8utic de qualitat<\/strong>.<\/p>\n\n\n\n<h3 class=\"wp-block-heading\">Solidaritat que deixa empremta<\/h3>\n\n\n\n<p>En edicions anteriors, la recaptaci\u00f3 del sopar solidari de Les Calderes s\u2019ha destinat a entitats com <strong>l\u2019Associaci\u00f3 TDAH Morvedre<\/strong>, <strong>l\u2019Associaci\u00f3 de Fam\u00edlies de Menors amb S\u00edndrome Pallister-Killian<\/strong>, la <strong>Federaci\u00f3 de Salut Mental de la Comunitat Valenciana<\/strong> o <strong>Aspanion, xiquets amb c\u00e0ncer<\/strong>.<\/p>\n\n\n\n<p>Amb la donaci\u00f3 d\u2019enguany, <strong>Almenara reafirma el seu comprom\u00eds solidari<\/strong> i el seu suport a les causes socials que m\u00e9s ho necessiten.<\/p>\n","protected":false},"excerpt":{"rendered":"<p>L\u2019Ajuntament d\u2019Almenara ha fet entrega a Payasospital dels 5.535 euros recaptats en el sopar solidari de \u201cLes Calderes\u201d, celebrat el passat 2 d\u2019octubre dins de les festes patronals del municipi. L\u2019acte de lliurament va tindre lloc a l\u2019Escola Infantil Municipal, on les artistes de Payasospital van oferir una visita molt especial, omplint el centre de &#8230; <a title=\"Almenara dona 5.535 euros a Payasospital gr\u00e0cies al sopar solidari de \u201cLes Calderes\u201d\" class=\"read-more\" href=\"https:\/\/elcafedepipa.com\/index.php\/2025\/10\/21\/almenara-dona-5-535-euros-a-payasospital-gracies-al-sopar-solidari-de-les-calderes\/\" aria-label=\"M\u00e9s informaci\u00f3 sobre Almenara dona 5.535 euros a Payasospital gr\u00e0cies al sopar solidari de \u201cLes Calderes\u201d\">Read more<\/a><\/p>\n","protected":false},"author":2,"featured_media":18119,"comment_status":"closed","ping_status":"closed","sticky":false,"template":"","format":"standard","meta":{"om_disable_all_campaigns":false,"_monsterinsights_skip_tracking":false,"_monsterinsights_sitenote_active":false,"_monsterinsights_sitenote_note":"","_monsterinsights_sitenote_category":0,"_uf_show_specific_survey":0,"_uf_disable_surveys":false,"footnotes":""},"categories":[5],"tags":[],"class_list":["post-18118","post","type-post","status-publish","format-standard","has-post-thumbnail","hentry","category-almenara"],"_links":{"self":[{"href":"https:\/\/elcafedepipa.com\/index.php\/wp-json\/wp\/v2\/posts\/18118","targetHints":{"allow":["GET"]}}],"collection":[{"href":"https:\/\/elcafedepipa.com\/index.php\/wp-json\/wp\/v2\/posts"}],"about":[{"href":"https:\/\/elcafedepipa.com\/index.php\/wp-json\/wp\/v2\/types\/post"}],"author":[{"embeddable":true,"href":"https:\/\/elcafedepipa.com\/index.php\/wp-json\/wp\/v2\/users\/2"}],"replies":[{"embeddable":true,"href":"https:\/\/elcafedepipa.com\/index.php\/wp-json\/wp\/v2\/comments?post=18118"}],"version-history":[{"count":1,"href":"https:\/\/elcafedepipa.com\/index.php\/wp-json\/wp\/v2\/posts\/18118\/revisions"}],"predecessor-version":[{"id":18120,"href":"https:\/\/elcafedepipa.com\/index.php\/wp-json\/wp\/v2\/posts\/18118\/revisions\/18120"}],"wp:featuredmedia":[{"embeddable":true,"href":"https:\/\/elcafedepipa.com\/index.php\/wp-json\/wp\/v2\/media\/18119"}],"wp:attachment":[{"href":"https:\/\/elcafedepipa.com\/index.php\/wp-json\/wp\/v2\/media?parent=18118"}],"wp:term":[{"taxonomy":"category","embeddable":true,"href":"https:\/\/elcafedepipa.com\/index.php\/wp-json\/wp\/v2\/categories?post=18118"},{"taxonomy":"post_tag","embeddable":true,"href":"https:\/\/elcafedepipa.com\/index.php\/wp-json\/wp\/v2\/tags?post=18118"}],"curies":[{"name":"wp","href":"https:\/\/api.w.org\/{rel}","templated":true}]}}