{"id":18113,"date":"2025-10-21T11:40:16","date_gmt":"2025-10-21T09:40:16","guid":{"rendered":"https:\/\/elcafedepipa.com\/?p=18113"},"modified":"2025-10-21T11:40:17","modified_gmt":"2025-10-21T09:40:17","slug":"la-vall-duixo-celebra-esta-setmana-multitud-dactivitats-amb-motiu-del-775-aniversari-de-la-carta-pobla","status":"publish","type":"post","link":"https:\/\/elcafedepipa.com\/index.php\/2025\/10\/21\/la-vall-duixo-celebra-esta-setmana-multitud-dactivitats-amb-motiu-del-775-aniversari-de-la-carta-pobla\/","title":{"rendered":"La Vall d\u2019Uix\u00f3 celebra esta setmana multitud d\u2019activitats amb motiu del 775 aniversari de la Carta Pobla"},"content":{"rendered":"\n<p><strong>La Vall d\u2019Uix\u00f3 celebra 13 activitats pel 775 aniversari de la Carta Pobla amb concerts, exposicions i teatre<\/strong><\/p>\n\n\n\n<p>La <strong>Vall d\u2019Uix\u00f3<\/strong> viu aquesta setmana una intensa programaci\u00f3 cultural per a commemorar el <strong>775 aniversari de la Carta Pobla<\/strong>, document que va marcar la fundaci\u00f3 del municipi. En total, <strong>13 activitats<\/strong> ompliran els pr\u00f2xims dies de cultura, m\u00fasica, hist\u00f2ria i tradici\u00f3, en una iniciativa impulsada per l\u2019Ajuntament amb la col\u00b7laboraci\u00f3 de nombroses entitats locals.<\/p>\n\n\n\n<p>El <strong>regidor de Cultura, Jorge Marqu\u00e9s<\/strong>, ha destacat que aquesta programaci\u00f3 \u201ccelebra la nostra hist\u00f2ria, la nostra cultura popular i la nostra llengua; en definitiva, tot all\u00f2 que ens identifica com a poble i ens uneix\u201d. Tots els actes s\u00f3n <strong>gratu\u00efts<\/strong> i estan pensats \u201cper a tots els p\u00fablics\u201d, amb l\u2019objectiu de fomentar la participaci\u00f3 ciutadana.<\/p>\n\n\n\n<p>Hui, <strong>dimarts 21 d\u2019octubre<\/strong>, comen\u00e7a el cicle de contacontes <em>\u201cLlegendes de la Vall\u201d<\/em>, a c\u00e0rrec de <strong>Rebombori Cultural<\/strong>, amb una sessi\u00f3 a les <strong>18.00 h a la Biblioteca Municipal<\/strong>. Els dies <strong>23 i 24 d\u2019octubre<\/strong> hi haur\u00e0 noves representacions \u201csobre els personatges i hist\u00f2ries de la cultura popular local\u201d.<\/p>\n\n\n\n<p>El <strong>22 d\u2019octubre<\/strong> se celebrar\u00e0 el <strong>Dia de les Escriptors<\/strong>, amb una lectura col\u00b7lectiva d\u2019obres de dones escriptores de l\u2019Edat Mitjana, a les <strong>18.30 h a la Biblioteca Municipal<\/strong>. El <strong>23 d\u2019octubre<\/strong>, a les <strong>18.00 h al hall de l\u2019Auditori<\/strong>, tindr\u00e0 lloc la <strong>confer\u00e8ncia i exposici\u00f3 \u201c775 anys d\u2019hist\u00f2ria, 143 amb Segarra\u201d<\/strong>.<\/p>\n\n\n\n<p>El <strong>24 d\u2019octubre<\/strong> s\u2019inaugurar\u00e0 a les <strong>18.30 h<\/strong> l\u2019exposici\u00f3 <em>\u201cL\u2019Aljama d\u2019Uix\u00f3 al segle XIII\u201d<\/em>, que suposar\u00e0 l\u2019estrena de la <strong>Torre de Benissahat com a nou espai cultural<\/strong>. Els dies <strong>27, 28, 29, 30 i 31 d\u2019octubre i el 3 i 5 de novembre<\/strong> s\u2019oferiran <strong>visites guiades i contacontes<\/strong> per a acostar la Carta Pobla als m\u00e9s menuts.<\/p>\n\n\n\n<p>Eixe mateix dia, a les <strong>20.00 h al sal\u00f3 d\u2019actes de l\u2019IES Bot\u00e0nic Cavanilles<\/strong>, es representar\u00e0 l\u2019obra teatral <em>\u201cPromeses al vent\u201d<\/em>, de l\u2019autor local <strong>Josep Font<\/strong>, interpretada per <strong>La Tarara Teatre<\/strong>.<\/p>\n\n\n\n<p>El <strong>25 d\u2019octubre<\/strong> ser\u00e0 un dels dies m\u00e9s destacats de la programaci\u00f3. A les <strong>8.00 h<\/strong>, des de la pla\u00e7a de l\u2019Assumpci\u00f3, es far\u00e0 la <strong>Pujada al Castell d\u2019Uix\u00f3<\/strong>. A la vesprada, a les <strong>18.30 h a l\u2019Auditori<\/strong>, se celebrar\u00e0 el <strong>Concert de les Bandes de la Ciutat<\/strong>, amb la participaci\u00f3 de l\u2019<strong>Ateneu Musical Schola Cantorum<\/strong>, el <strong>Centre Instructiu d\u2019Art i Cultura (CIAC)<\/strong> i la <strong>Uni\u00f3 Musical Valldeuxense<\/strong>.<\/p>\n\n\n\n<p>Ja a la nit, arribar\u00e0 un dels moments m\u00e9s esperats amb el <strong>concert d\u2019Esther i La F\u00famiga<\/strong>, dins de la seua <strong>gira de comiat<\/strong>, que promet omplir el recinte i fer vibrar al p\u00fablic. L\u2019organitzaci\u00f3 recomana acudir amb antelaci\u00f3 per l\u2019alta aflu\u00e8ncia prevista.<\/p>\n\n\n\n<p>El <strong>26 d\u2019octubre<\/strong> tindr\u00e0 lloc el <strong>IV Concurs de Pintura R\u00e0pida<\/strong>, amb lliurament de premis a les <strong>17.00 h al Palau de Vivel<\/strong>. Al mat\u00ed, a les <strong>11.00 h<\/strong>, se celebrar\u00e0 la <strong>Trobada Comarcal de Bandes Juvenils<\/strong>, amb un passacarrer entre la pla\u00e7a del Mercat i la pla\u00e7a del Parc. Finalment, a les <strong>20.00 h<\/strong>, es representar\u00e0 <em>\u201cEl cant de la Sibil\u00b7la\u201d<\/em> a l\u2019esgl\u00e9sia de l\u2019Assumpci\u00f3.<\/p>\n\n\n\n<p>Amb aquesta completa programaci\u00f3, <strong>la Vall d\u2019Uix\u00f3 continua commemorant amb orgull i emoci\u00f3 els 775 anys de la seua Carta Pobla<\/strong>, un aniversari que posa en valor la seua identitat, hist\u00f2ria i patrimoni.<\/p>\n","protected":false},"excerpt":{"rendered":"<p>La Vall d\u2019Uix\u00f3 celebra 13 activitats pel 775 aniversari de la Carta Pobla amb concerts, exposicions i teatre La Vall d\u2019Uix\u00f3 viu aquesta setmana una intensa programaci\u00f3 cultural per a commemorar el 775 aniversari de la Carta Pobla, document que va marcar la fundaci\u00f3 del municipi. En total, 13 activitats ompliran els pr\u00f2xims dies de &#8230; <a title=\"La Vall d\u2019Uix\u00f3 celebra esta setmana multitud d\u2019activitats amb motiu del 775 aniversari de la Carta Pobla\" class=\"read-more\" href=\"https:\/\/elcafedepipa.com\/index.php\/2025\/10\/21\/la-vall-duixo-celebra-esta-setmana-multitud-dactivitats-amb-motiu-del-775-aniversari-de-la-carta-pobla\/\" aria-label=\"M\u00e9s informaci\u00f3 sobre La Vall d\u2019Uix\u00f3 celebra esta setmana multitud d\u2019activitats amb motiu del 775 aniversari de la Carta Pobla\">Read more<\/a><\/p>\n","protected":false},"author":2,"featured_media":18114,"comment_status":"closed","ping_status":"closed","sticky":false,"template":"","format":"standard","meta":{"om_disable_all_campaigns":false,"_monsterinsights_skip_tracking":false,"_monsterinsights_sitenote_active":false,"_monsterinsights_sitenote_note":"","_monsterinsights_sitenote_category":0,"_uf_show_specific_survey":0,"_uf_disable_surveys":false,"footnotes":""},"categories":[2],"tags":[],"class_list":["post-18113","post","type-post","status-publish","format-standard","has-post-thumbnail","hentry","category-lavallduixo"],"_links":{"self":[{"href":"https:\/\/elcafedepipa.com\/index.php\/wp-json\/wp\/v2\/posts\/18113","targetHints":{"allow":["GET"]}}],"collection":[{"href":"https:\/\/elcafedepipa.com\/index.php\/wp-json\/wp\/v2\/posts"}],"about":[{"href":"https:\/\/elcafedepipa.com\/index.php\/wp-json\/wp\/v2\/types\/post"}],"author":[{"embeddable":true,"href":"https:\/\/elcafedepipa.com\/index.php\/wp-json\/wp\/v2\/users\/2"}],"replies":[{"embeddable":true,"href":"https:\/\/elcafedepipa.com\/index.php\/wp-json\/wp\/v2\/comments?post=18113"}],"version-history":[{"count":1,"href":"https:\/\/elcafedepipa.com\/index.php\/wp-json\/wp\/v2\/posts\/18113\/revisions"}],"predecessor-version":[{"id":18115,"href":"https:\/\/elcafedepipa.com\/index.php\/wp-json\/wp\/v2\/posts\/18113\/revisions\/18115"}],"wp:featuredmedia":[{"embeddable":true,"href":"https:\/\/elcafedepipa.com\/index.php\/wp-json\/wp\/v2\/media\/18114"}],"wp:attachment":[{"href":"https:\/\/elcafedepipa.com\/index.php\/wp-json\/wp\/v2\/media?parent=18113"}],"wp:term":[{"taxonomy":"category","embeddable":true,"href":"https:\/\/elcafedepipa.com\/index.php\/wp-json\/wp\/v2\/categories?post=18113"},{"taxonomy":"post_tag","embeddable":true,"href":"https:\/\/elcafedepipa.com\/index.php\/wp-json\/wp\/v2\/tags?post=18113"}],"curies":[{"name":"wp","href":"https:\/\/api.w.org\/{rel}","templated":true}]}}