{"id":18112,"date":"2025-10-21T12:37:15","date_gmt":"2025-10-21T10:37:15","guid":{"rendered":"https:\/\/elcafedepipa.com\/?p=18112"},"modified":"2025-10-21T12:37:16","modified_gmt":"2025-10-21T10:37:16","slug":"el-pp-exigeix-a-tania-banos-el-cessament-immediat-de-la-seua-cap-de-gabinet-condemnada-per-intromissio-en-el-dret-a-lhonor-i-a-la-intimitat","status":"publish","type":"post","link":"https:\/\/elcafedepipa.com\/index.php\/2025\/10\/21\/el-pp-exigeix-a-tania-banos-el-cessament-immediat-de-la-seua-cap-de-gabinet-condemnada-per-intromissio-en-el-dret-a-lhonor-i-a-la-intimitat\/","title":{"rendered":"El PP exigeix a Tania Ba\u00f1os el &#8220;cessament immediat de la seua cap de gabinet, condemnada per intromissi\u00f3 en el dret a l\u2019honor i a la intimitat&#8221;."},"content":{"rendered":"\n<p>El <strong>Partit Popular de la Vall d\u2019Uix\u00f3<\/strong> ha exigit a l\u2019alcaldessa del municipi, <strong>Tania Ba\u00f1os<\/strong>, el <strong>cessament immediat de la seua m\u00e0 dreta<\/strong> despr\u00e9s que la secci\u00f3 civil i d\u2019instrucci\u00f3 del <strong>Jutjat d\u2019Instrucci\u00f3 n\u00famero 6 de Nules<\/strong> haja dictat <strong>sent\u00e8ncia condemnat\u00f2ria per intromissi\u00f3 il\u00b7leg\u00edtima en el dret a l\u2019honor i a la intimitat<\/strong> d\u2019una ve\u00efna de la localitat.<\/p>\n\n\n\n<p>Els fets es remunten a <strong>juny de 2024<\/strong>, quan la denunciant va fer p\u00fablica una <strong>queixa contra l\u2019Ajuntament<\/strong> en un grup de <strong>Facebook<\/strong> amb prop de 6.000 membres. Els populars han recordat que &#8220;davant d\u2019aquesta cr\u00edtica, la <strong>cap de gabinet de l\u2019alcaldessa<\/strong> va respondre en la mateixa xarxa social <strong>fent p\u00fablics dades privades<\/strong> de la ve\u00efna, motiu pel qual aquesta va presentar una den\u00fancia el <strong>14 de juny de 2024<\/strong>, ha comentat el portaveu Herminio Serra, qui ha afegit que &#8220;l<strong>a Just\u00edcia ha deixat clara la seua mala praxi i l\u2019alcaldessa ha d\u2019actuar en conseq\u00fc\u00e8ncia<\/strong>. Si no ho fa, demostrar\u00e0 que \u00e9s tan culpable com la condemnada i es convertir\u00e0 en c\u00f2mplice d\u2019un delicte\u201d.<\/p>\n\n\n\n<p>Serra  reclama a Ba\u00f1os \u201c<strong>una resposta immediata i exemplar<\/strong>\u201d, advertint que \u201c<strong>si l\u2019alcaldessa no la cessa, ser\u00e0 la Vall d\u2019Uix\u00f3 qui acabe cessant tot l\u2019equip de govern<\/strong>\u201d.<\/p>\n\n\n\n<p>El portaveu popular tamb\u00e9 ha subratllat que \u201c<strong>dels c\u00e0rrecs p\u00fablics s\u2019espera un comportament exemplar, cosa que la Just\u00edcia ha deixat clar que no s\u2019ha complit<\/strong>\u201d. En aquest sentit, ha afirmat que \u201c<strong>com a representants de la instituci\u00f3 no podem ser c\u00f2mplices d\u2019uns fets que posen en dubte la imatge de l\u2019Ajuntament de la Vall d\u2019Uix\u00f3<\/strong> i \u00e9s necessari que Tania Ba\u00f1os <strong>assumisca responsabilitats<\/strong>, perqu\u00e8 la <strong>dignitat i el respecte cap a la instituci\u00f3<\/strong> queden tacats si l\u2019alcaldessa decideix <strong>protegir la condemnada<\/strong>\u201d, ha concl\u00f2s Serra.<\/p>\n\n\n\n<p>La sent\u00e8ncia, que ha sigut emesa en Primera Inst\u00e0ncia, ser\u00e0 recorreguda per l&#8217;afectada, com ha pogut saber R\u00e0dio la Vall d&#8217;Uix\u00f3.<\/p>\n\n\n\n<p><\/p>\n","protected":false},"excerpt":{"rendered":"<p>El Partit Popular de la Vall d\u2019Uix\u00f3 ha exigit a l\u2019alcaldessa del municipi, Tania Ba\u00f1os, el cessament immediat de la seua m\u00e0 dreta despr\u00e9s que la secci\u00f3 civil i d\u2019instrucci\u00f3 del Jutjat d\u2019Instrucci\u00f3 n\u00famero 6 de Nules haja dictat sent\u00e8ncia condemnat\u00f2ria per intromissi\u00f3 il\u00b7leg\u00edtima en el dret a l\u2019honor i a la intimitat d\u2019una ve\u00efna &#8230; <a title=\"El PP exigeix a Tania Ba\u00f1os el &#8220;cessament immediat de la seua cap de gabinet, condemnada per intromissi\u00f3 en el dret a l\u2019honor i a la intimitat&#8221;.\" class=\"read-more\" href=\"https:\/\/elcafedepipa.com\/index.php\/2025\/10\/21\/el-pp-exigeix-a-tania-banos-el-cessament-immediat-de-la-seua-cap-de-gabinet-condemnada-per-intromissio-en-el-dret-a-lhonor-i-a-la-intimitat\/\" aria-label=\"M\u00e9s informaci\u00f3 sobre El PP exigeix a Tania Ba\u00f1os el &#8220;cessament immediat de la seua cap de gabinet, condemnada per intromissi\u00f3 en el dret a l\u2019honor i a la intimitat&#8221;.\">Read more<\/a><\/p>\n","protected":false},"author":2,"featured_media":18116,"comment_status":"closed","ping_status":"closed","sticky":false,"template":"","format":"standard","meta":{"om_disable_all_campaigns":false,"_monsterinsights_skip_tracking":false,"_monsterinsights_sitenote_active":false,"_monsterinsights_sitenote_note":"","_monsterinsights_sitenote_category":0,"_uf_show_specific_survey":0,"_uf_disable_surveys":false,"footnotes":""},"categories":[2],"tags":[],"class_list":["post-18112","post","type-post","status-publish","format-standard","has-post-thumbnail","hentry","category-lavallduixo"],"_links":{"self":[{"href":"https:\/\/elcafedepipa.com\/index.php\/wp-json\/wp\/v2\/posts\/18112","targetHints":{"allow":["GET"]}}],"collection":[{"href":"https:\/\/elcafedepipa.com\/index.php\/wp-json\/wp\/v2\/posts"}],"about":[{"href":"https:\/\/elcafedepipa.com\/index.php\/wp-json\/wp\/v2\/types\/post"}],"author":[{"embeddable":true,"href":"https:\/\/elcafedepipa.com\/index.php\/wp-json\/wp\/v2\/users\/2"}],"replies":[{"embeddable":true,"href":"https:\/\/elcafedepipa.com\/index.php\/wp-json\/wp\/v2\/comments?post=18112"}],"version-history":[{"count":1,"href":"https:\/\/elcafedepipa.com\/index.php\/wp-json\/wp\/v2\/posts\/18112\/revisions"}],"predecessor-version":[{"id":18117,"href":"https:\/\/elcafedepipa.com\/index.php\/wp-json\/wp\/v2\/posts\/18112\/revisions\/18117"}],"wp:featuredmedia":[{"embeddable":true,"href":"https:\/\/elcafedepipa.com\/index.php\/wp-json\/wp\/v2\/media\/18116"}],"wp:attachment":[{"href":"https:\/\/elcafedepipa.com\/index.php\/wp-json\/wp\/v2\/media?parent=18112"}],"wp:term":[{"taxonomy":"category","embeddable":true,"href":"https:\/\/elcafedepipa.com\/index.php\/wp-json\/wp\/v2\/categories?post=18112"},{"taxonomy":"post_tag","embeddable":true,"href":"https:\/\/elcafedepipa.com\/index.php\/wp-json\/wp\/v2\/tags?post=18112"}],"curies":[{"name":"wp","href":"https:\/\/api.w.org\/{rel}","templated":true}]}}