{"id":18104,"date":"2025-10-21T08:30:21","date_gmt":"2025-10-21T06:30:21","guid":{"rendered":"https:\/\/elcafedepipa.com\/?p=18104"},"modified":"2025-10-21T08:30:22","modified_gmt":"2025-10-21T06:30:22","slug":"lajuntament-de-la-vall-duixo-comenca-les-obres-del-nou-parc-aquatic-de-sant-josep","status":"publish","type":"post","link":"https:\/\/elcafedepipa.com\/index.php\/2025\/10\/21\/lajuntament-de-la-vall-duixo-comenca-les-obres-del-nou-parc-aquatic-de-sant-josep\/","title":{"rendered":"L\u2019Ajuntament de la Vall d\u2019Uix\u00f3 comen\u00e7a les obres del nou parc aqu\u00e0tic de Sant Josep"},"content":{"rendered":"\n<p>L\u2019Ajuntament de la <strong>Vall d\u2019Uix\u00f3<\/strong> ha iniciat les obres de construcci\u00f3 del <strong>nou parc aqu\u00e0tic de Sant Josep<\/strong>, amb una inversi\u00f3 de <strong>quatre milions d\u2019euros<\/strong>. El termini d\u2019execuci\u00f3 \u00e9s de <strong>set mesos<\/strong>, de manera que a l\u2019estiu de <strong>2026<\/strong> obrir\u00e0 \u201cperqu\u00e8 el puguen gaudir els ve\u00efns i ve\u00efnes de la Vall, que fa molt de temps que el demanen, i tamb\u00e9 com a complement tur\u00edstic de les Coves de Sant Josep\u201d, tal com ha destacat l\u2019alcaldessa, <strong>Tania Ba\u00f1os<\/strong>.<\/p>\n\n\n\n<p>Amb aquesta actuaci\u00f3 es transformaran les antigues piscines d\u2019estiu en un <strong>complex aqu\u00e0tic de m\u00e9s de 5.000 m\u00b2<\/strong>, amb una zona de <strong>piscines tem\u00e0tiques amb diversos tobogans<\/strong> i un <strong>splashpark<\/strong> amb jocs d\u2019aigua integrats al s\u00f2l. A m\u00e9s, disposar\u00e0 d\u2019una <strong>gran zona de sol\u00e0rium<\/strong>, una <strong>\u00e0rea verda de p\u00edcnic lliure<\/strong> i un <strong>quiosc-cafeteria amb terrassa<\/strong>, aix\u00ed com d\u2019<strong>accessos adaptats, vestidors, banys i espais d\u2019emmagatzematge i maquin\u00e0ria<\/strong>.<\/p>\n\n\n\n<p>L\u2019alcaldessa ha visitat les obres juntament amb el <strong>conseller delegat d\u2019Emsevall, Javier Ferreres<\/strong>, i el <strong>regidor d\u2019Urbanisme, Vicente Pitarch<\/strong>. Els treballs previs van comen\u00e7ar fa una setmana i ja s\u2019est\u00e0 procedint al <strong>enderrocament dels antics edificis i estructures<\/strong>, entre elles el vas de la piscina, i a la <strong>recuperaci\u00f3 de l\u2019antiga zona esportiva<\/strong>.<\/p>\n\n\n\n<p>Segons Ba\u00f1os, el parc aqu\u00e0tic respon a un <strong>model d\u2019oci familiar<\/strong> i forma part \u201cd\u2019un plantejament estrat\u00e8gic de present i futur per al Paratge de Sant Josep i per a la ciutat, amb una mirada tur\u00edstica per\u00f2, sobretot, per donar servei a la gent de la Vall i de les poblacions pr\u00f2ximes\u201d.<\/p>\n\n\n\n<p>La <strong>gesti\u00f3 ser\u00e0 directa<\/strong> a trav\u00e9s de l\u2019empresa p\u00fablica <strong>Emsevall<\/strong>, i el <strong>preu ser\u00e0 assequible<\/strong> per a tothom, amb <strong>abonaments i descomptes especials<\/strong>. Tamb\u00e9 es comercialitzaran <strong>paquets combinats<\/strong> amb les entrades a les Coves i altres productes tur\u00edstics locals.<\/p>\n\n\n\n<p>Un dels aspectes clau del projecte \u00e9s que <strong>posa fi als problemes hist\u00f2rics de fuites d\u2019aigua<\/strong> que patia la piscina d\u2019estiu, on des de la seua obertura s\u2019havien fet reparacions temporals sense \u00e8xit. Altres eixos del parc aqu\u00e0tic que es posar\u00e0 en marxa el pr\u00f2xim estiu s\u00f3n la <strong>integraci\u00f3 amb l\u2019entorn natural<\/strong> i la <strong>incorporaci\u00f3 de mesures d\u2019estalvi d\u2019aigua i energia<\/strong>.<\/p>\n\n\n\n<p>Ba\u00f1os ha subratllat que aquesta nova proposta \u00e9s \u201c<strong>ambiciosa<\/strong>\u201d i que es finan\u00e7a <strong>amb els beneficis econ\u00f2mics generats per les Coves de Sant Josep<\/strong>, \u201cfruit d\u2019una gesti\u00f3 responsable i professional durant els \u00faltims anys\u201d.<\/p>\n\n\n\n<p><\/p>\n","protected":false},"excerpt":{"rendered":"<p>L\u2019Ajuntament de la Vall d\u2019Uix\u00f3 ha iniciat les obres de construcci\u00f3 del nou parc aqu\u00e0tic de Sant Josep, amb una inversi\u00f3 de quatre milions d\u2019euros. El termini d\u2019execuci\u00f3 \u00e9s de set mesos, de manera que a l\u2019estiu de 2026 obrir\u00e0 \u201cperqu\u00e8 el puguen gaudir els ve\u00efns i ve\u00efnes de la Vall, que fa molt de &#8230; <a title=\"L\u2019Ajuntament de la Vall d\u2019Uix\u00f3 comen\u00e7a les obres del nou parc aqu\u00e0tic de Sant Josep\" class=\"read-more\" href=\"https:\/\/elcafedepipa.com\/index.php\/2025\/10\/21\/lajuntament-de-la-vall-duixo-comenca-les-obres-del-nou-parc-aquatic-de-sant-josep\/\" aria-label=\"M\u00e9s informaci\u00f3 sobre L\u2019Ajuntament de la Vall d\u2019Uix\u00f3 comen\u00e7a les obres del nou parc aqu\u00e0tic de Sant Josep\">Read more<\/a><\/p>\n","protected":false},"author":2,"featured_media":18105,"comment_status":"closed","ping_status":"closed","sticky":false,"template":"","format":"standard","meta":{"om_disable_all_campaigns":false,"_monsterinsights_skip_tracking":false,"_monsterinsights_sitenote_active":false,"_monsterinsights_sitenote_note":"","_monsterinsights_sitenote_category":0,"_uf_show_specific_survey":0,"_uf_disable_surveys":false,"footnotes":""},"categories":[2],"tags":[],"class_list":["post-18104","post","type-post","status-publish","format-standard","has-post-thumbnail","hentry","category-lavallduixo"],"_links":{"self":[{"href":"https:\/\/elcafedepipa.com\/index.php\/wp-json\/wp\/v2\/posts\/18104","targetHints":{"allow":["GET"]}}],"collection":[{"href":"https:\/\/elcafedepipa.com\/index.php\/wp-json\/wp\/v2\/posts"}],"about":[{"href":"https:\/\/elcafedepipa.com\/index.php\/wp-json\/wp\/v2\/types\/post"}],"author":[{"embeddable":true,"href":"https:\/\/elcafedepipa.com\/index.php\/wp-json\/wp\/v2\/users\/2"}],"replies":[{"embeddable":true,"href":"https:\/\/elcafedepipa.com\/index.php\/wp-json\/wp\/v2\/comments?post=18104"}],"version-history":[{"count":1,"href":"https:\/\/elcafedepipa.com\/index.php\/wp-json\/wp\/v2\/posts\/18104\/revisions"}],"predecessor-version":[{"id":18106,"href":"https:\/\/elcafedepipa.com\/index.php\/wp-json\/wp\/v2\/posts\/18104\/revisions\/18106"}],"wp:featuredmedia":[{"embeddable":true,"href":"https:\/\/elcafedepipa.com\/index.php\/wp-json\/wp\/v2\/media\/18105"}],"wp:attachment":[{"href":"https:\/\/elcafedepipa.com\/index.php\/wp-json\/wp\/v2\/media?parent=18104"}],"wp:term":[{"taxonomy":"category","embeddable":true,"href":"https:\/\/elcafedepipa.com\/index.php\/wp-json\/wp\/v2\/categories?post=18104"},{"taxonomy":"post_tag","embeddable":true,"href":"https:\/\/elcafedepipa.com\/index.php\/wp-json\/wp\/v2\/tags?post=18104"}],"curies":[{"name":"wp","href":"https:\/\/api.w.org\/{rel}","templated":true}]}}