{"id":1710,"date":"2024-06-03T13:11:00","date_gmt":"2024-06-03T11:11:00","guid":{"rendered":"https:\/\/elcafedepipa.com\/?p=1710"},"modified":"2024-06-03T13:11:43","modified_gmt":"2024-06-03T11:11:43","slug":"la-diputacio-provincial-de-castello-cedeix-bens-mobles-perque-puguen-ser-utilitzats-per-families-sense-recursos-per-a-la-cura-dels-seus-fills","status":"publish","type":"post","link":"https:\/\/elcafedepipa.com\/index.php\/2024\/06\/03\/la-diputacio-provincial-de-castello-cedeix-bens-mobles-perque-puguen-ser-utilitzats-per-families-sense-recursos-per-a-la-cura-dels-seus-fills\/","title":{"rendered":"La Diputaci\u00f3 Provincial de Castell\u00f3 cedeix b\u00e9ns mobles perqu\u00e8 puguen ser utilitzats per fam\u00edlies sense recursos per a la cura dels seus fills"},"content":{"rendered":"\n<p style=\"font-size:24px\"><strong>La Diputaci\u00f3 acorda la cessi\u00f3 d&#8217;elements per a la cura de beb\u00e9s a l&#8217;Associaci\u00f3 Castellonenca<\/strong><\/p>\n\n\n\n<p>La instituci\u00f3 provincial, a trav\u00e9s de la Junta de Govern, ha aprovat la cessi\u00f3 gratu\u00efta de b\u00e9ns mobles a favor d&#8217;institucions privades d&#8217;utilitat p\u00fablica sense \u00e0nim de lucre. En este cas, la Diputaci\u00f3 de Castell\u00f3 ha acordat la cessi\u00f3 d&#8217;elements per a la cura de beb\u00e9s a l&#8217;Associaci\u00f3 Castellonenca per a la Defensa de la Vida i la donaci\u00f3 d&#8217;arxivers per a l&#8217;Associaci\u00f3&nbsp;Sonriendo&nbsp;con&nbsp;Mart\u00edn. \u201cEstem donant una segona vida a estris que no s&#8217;usaven i ara els podran utilitzar estes&nbsp;dos&nbsp;entitats sense \u00e0nim de lucre i que realitzen una important labor social\u201d, ha expressat la presidenta de la instituci\u00f3 provincial, Marta&nbsp;Barrachina.<\/p>\n\n\n\n<p>El diputat de Patrimoni, Ximo Llopis, ha informat que esta \u00e9s la primera vegada que s&#8217;acorda una donaci\u00f3 a favor d&#8217;una instituci\u00f3 privada, sempre que esta siga d&#8217;inter\u00e9s p\u00fablic, sense \u00e0nim de lucre i que els fins que justifiquen la cessi\u00f3 redunde en benefici dels ciutadans. Llopis tamb\u00e9 ha explicat: &#8220;Alguns d&#8217;estos estris romanien emmagatzemats i, conscients que tot este material pot ser \u00fatil per a entitats sense \u00e0nim de lucre, iniciem tots els tr\u00e0mits per a poder dur a terme estes donacions\u201d.<\/p>\n\n\n\n<p>Els estris que formen part de les donacions&nbsp;procedeixen&nbsp;del complex&nbsp;soci-educatiu&nbsp;Penyeta Roja. En el cas de la cessi\u00f3 a l&#8217;Associaci\u00f3 Castellonenca per a la Defensa de la Vida, entitat que presta els seus servicis a les fam\u00edlies vulnerables de Castell\u00f3, dins del llistat d&#8217;elements s&#8217;inclouen&nbsp;tot tipus&nbsp;d&#8217;elements per a la cura de beb\u00e9s, com poden ser bressols, trones, carros de passeig, corre corredors, bressols de viatge,&nbsp;taules i cadires xicotetes. Els b\u00e9ns mobles que se cediran de manera gratu\u00efta a l&#8217;Associaci\u00f3 Pro Vida sumen un total de 30. \u201cElements necessaris per al creixement i desenvolupament inicial dels xiquets i xiquetes i que ara podrem facilitar a fam\u00edlies amb pocs recursos\u201d, ha expressat el diputat.<\/p>\n\n\n\n<p>Quant a l&#8217;Associaci\u00f3&nbsp;Sonriendo&nbsp;con&nbsp;Mart\u00edn, que ajuda a xiquets amb s\u00edndrome d\u2019Angelman, esta rebr\u00e0 de la Diputaci\u00f3 de Castell\u00f3 dos arxivers perqu\u00e8 puguen ser utilitzats per l&#8217;entitat. \u201cTotes dues entitats van realitzar les seues respectives sol\u00b7licituds de donaci\u00f3 que ara podem materialitzar\u201d, ha concl\u00f2s el diputat provincial.<\/p>\n","protected":false},"excerpt":{"rendered":"<p>La Diputaci\u00f3 acorda la cessi\u00f3 d&#8217;elements per a la cura de beb\u00e9s a l&#8217;Associaci\u00f3 Castellonenca La instituci\u00f3 provincial, a trav\u00e9s de la Junta de Govern, ha aprovat la cessi\u00f3 gratu\u00efta de b\u00e9ns mobles a favor d&#8217;institucions privades d&#8217;utilitat p\u00fablica sense \u00e0nim de lucre. En este cas, la Diputaci\u00f3 de Castell\u00f3 ha acordat la cessi\u00f3 d&#8217;elements &#8230; <a title=\"La Diputaci\u00f3 Provincial de Castell\u00f3 cedeix b\u00e9ns mobles perqu\u00e8 puguen ser utilitzats per fam\u00edlies sense recursos per a la cura dels seus fills\" class=\"read-more\" href=\"https:\/\/elcafedepipa.com\/index.php\/2024\/06\/03\/la-diputacio-provincial-de-castello-cedeix-bens-mobles-perque-puguen-ser-utilitzats-per-families-sense-recursos-per-a-la-cura-dels-seus-fills\/\" aria-label=\"M\u00e9s informaci\u00f3 sobre La Diputaci\u00f3 Provincial de Castell\u00f3 cedeix b\u00e9ns mobles perqu\u00e8 puguen ser utilitzats per fam\u00edlies sense recursos per a la cura dels seus fills\">Read more<\/a><\/p>\n","protected":false},"author":2,"featured_media":1712,"comment_status":"closed","ping_status":"closed","sticky":false,"template":"","format":"standard","meta":{"om_disable_all_campaigns":false,"_monsterinsights_skip_tracking":false,"_monsterinsights_sitenote_active":false,"_monsterinsights_sitenote_note":"","_monsterinsights_sitenote_category":0,"_uf_show_specific_survey":0,"_uf_disable_surveys":false,"footnotes":""},"categories":[10],"tags":[],"class_list":["post-1710","post","type-post","status-publish","format-standard","has-post-thumbnail","hentry","category-provinciadecastello"],"_links":{"self":[{"href":"https:\/\/elcafedepipa.com\/index.php\/wp-json\/wp\/v2\/posts\/1710","targetHints":{"allow":["GET"]}}],"collection":[{"href":"https:\/\/elcafedepipa.com\/index.php\/wp-json\/wp\/v2\/posts"}],"about":[{"href":"https:\/\/elcafedepipa.com\/index.php\/wp-json\/wp\/v2\/types\/post"}],"author":[{"embeddable":true,"href":"https:\/\/elcafedepipa.com\/index.php\/wp-json\/wp\/v2\/users\/2"}],"replies":[{"embeddable":true,"href":"https:\/\/elcafedepipa.com\/index.php\/wp-json\/wp\/v2\/comments?post=1710"}],"version-history":[{"count":0,"href":"https:\/\/elcafedepipa.com\/index.php\/wp-json\/wp\/v2\/posts\/1710\/revisions"}],"wp:featuredmedia":[{"embeddable":true,"href":"https:\/\/elcafedepipa.com\/index.php\/wp-json\/wp\/v2\/media\/1712"}],"wp:attachment":[{"href":"https:\/\/elcafedepipa.com\/index.php\/wp-json\/wp\/v2\/media?parent=1710"}],"wp:term":[{"taxonomy":"category","embeddable":true,"href":"https:\/\/elcafedepipa.com\/index.php\/wp-json\/wp\/v2\/categories?post=1710"},{"taxonomy":"post_tag","embeddable":true,"href":"https:\/\/elcafedepipa.com\/index.php\/wp-json\/wp\/v2\/tags?post=1710"}],"curies":[{"name":"wp","href":"https:\/\/api.w.org\/{rel}","templated":true}]}}