{"id":16966,"date":"2025-09-16T14:14:34","date_gmt":"2025-09-16T12:14:34","guid":{"rendered":"https:\/\/elcafedepipa.com\/?p=16966"},"modified":"2025-09-16T14:14:35","modified_gmt":"2025-09-16T12:14:35","slug":"la-fabrica-de-la-llum-sera-el-museu-arqueologic-de-la-vall-duixo-en-2026","status":"publish","type":"post","link":"https:\/\/elcafedepipa.com\/index.php\/2025\/09\/16\/la-fabrica-de-la-llum-sera-el-museu-arqueologic-de-la-vall-duixo-en-2026\/","title":{"rendered":"La F\u00e0brica de la Llum ser\u00e0 el Museu Arqueol\u00f2gic de la Vall d\u2019Uix\u00f3 en 2026"},"content":{"rendered":"\n<p>L\u2019Ajuntament de la Vall d\u2019Uix\u00f3 ha realitzat una visita de treball a la F\u00e0brica de la Llum coincidint amb l\u2019equador de les obres, que finalitzaran al mes de maig de 2026. Aquest edifici de principis del segle XX, situat al costat de l\u2019aq\u00fceducte, albergar\u00e0 l\u2019activitat del Museu Arqueol\u00f2gic Municipal i s\u2019utilitzar\u00e0 com a sala expositiva i espai cultural i social.<\/p>\n\n\n\n<p>Aquesta actuaci\u00f3 \u00e9s un dels eixos del Pla de Sostenibilitat Tur\u00edstica en Dest\u00ed (PSTD), que suposa una inversi\u00f3 total de 2.001.722 euros, finan\u00e7ats al 100% per la Uni\u00f3 Europea-Next Generation EU. El projecte tamb\u00e9 inclou l\u2019adequaci\u00f3 de l\u2019entorn de l\u2019aq\u00fceducte, la connexi\u00f3 per als vianants amb el paratge i la renaturalitzaci\u00f3 de l\u2019aparcament de Sant Josep.<\/p>\n\n\n\n<p>L\u2019alcaldessa, Tania Ba\u00f1os, ha destacat l\u2019aposta pel \u201cpatrimoni i per la sostenibilitat, dins dels ODS, l\u2019Agenda 2030 i el pla d\u2019acci\u00f3 contra el canvi clim\u00e0tic\u201d. En aquest sentit, ha posat com a exemple el projecte de renaturalitzaci\u00f3 de l\u2019aparcament \u2014ja en marxa\u2014 que transformar\u00e0 \u201cuna gran taca d\u2019asfalt en una zona m\u00e9s verda, amb ombres i que redu\u00efsca l\u2019efecte illa de calor\u201d.<\/p>\n\n\n\n<p>En concret, la rehabilitaci\u00f3 de la F\u00e0brica de la Llum com a futur Museu Arqueol\u00f2gic Municipal \u201cfar\u00e0 realitat una reivindicaci\u00f3 del m\u00f3n cultural de la Vall\u201d, segons ha expressat el primer tinent d\u2019alcaldessa i regidor de Patrimoni, Fernando Dar\u00f2s. Paral\u00b7lelament, s\u2019est\u00e0 realitzant una excavaci\u00f3 hist\u00f2rica al poblat de Sant Josep que ja est\u00e0 deixant \u201cinteressants troballes arqueol\u00f2giques\u201d.<\/p>\n\n\n\n<p>Amb la recuperaci\u00f3 d\u2019una part de la nau de la F\u00e0brica de la Llum tamb\u00e9 es busca \u201cdiversificar l\u2019oferta tur\u00edstica de la nostra ciutat m\u00e9s enll\u00e0 de les Coves de Sant Josep\u201d, ha apuntat Ba\u00f1os. Aix\u00ed mateix, l\u2019espai es recuperar\u00e0 per a la ciutadania com a \u201cespai d\u2019\u00fas social i cultural\u201d.<\/p>\n\n\n\n<p>Les obres avancen segons el previst: ja s\u2019ha retirat la coberta, s\u2019han eliminat les diferents fases constructives i s\u2019estan refor\u00e7ant les estructures.<\/p>\n\n\n\n<p>En total, m\u00e9s de 16 milions d\u2019euros de fons europeus que est\u00e0 gestionant i executant l\u2019Ajuntament de la Vall d\u2019Uix\u00f3 \u201cestan transformant la ciutat i construint un futur millor, m\u00e9s verd, m\u00e9s europeu i m\u00e9s modern\u201d. En aquest cas concret, les obres es financen \u00edntegrament per part de la Uni\u00f3 Europea.<\/p>\n","protected":false},"excerpt":{"rendered":"<p>L\u2019Ajuntament de la Vall d\u2019Uix\u00f3 ha realitzat una visita de treball a la F\u00e0brica de la Llum coincidint amb l\u2019equador de les obres, que finalitzaran al mes de maig de 2026. Aquest edifici de principis del segle XX, situat al costat de l\u2019aq\u00fceducte, albergar\u00e0 l\u2019activitat del Museu Arqueol\u00f2gic Municipal i s\u2019utilitzar\u00e0 com a sala expositiva &#8230; <a title=\"La F\u00e0brica de la Llum ser\u00e0 el Museu Arqueol\u00f2gic de la Vall d\u2019Uix\u00f3 en 2026\" class=\"read-more\" href=\"https:\/\/elcafedepipa.com\/index.php\/2025\/09\/16\/la-fabrica-de-la-llum-sera-el-museu-arqueologic-de-la-vall-duixo-en-2026\/\" aria-label=\"M\u00e9s informaci\u00f3 sobre La F\u00e0brica de la Llum ser\u00e0 el Museu Arqueol\u00f2gic de la Vall d\u2019Uix\u00f3 en 2026\">Read more<\/a><\/p>\n","protected":false},"author":2,"featured_media":16967,"comment_status":"closed","ping_status":"closed","sticky":false,"template":"","format":"standard","meta":{"om_disable_all_campaigns":false,"_monsterinsights_skip_tracking":false,"_monsterinsights_sitenote_active":false,"_monsterinsights_sitenote_note":"","_monsterinsights_sitenote_category":0,"_uf_show_specific_survey":0,"_uf_disable_surveys":false,"footnotes":""},"categories":[2],"tags":[],"class_list":["post-16966","post","type-post","status-publish","format-standard","has-post-thumbnail","hentry","category-lavallduixo"],"_links":{"self":[{"href":"https:\/\/elcafedepipa.com\/index.php\/wp-json\/wp\/v2\/posts\/16966","targetHints":{"allow":["GET"]}}],"collection":[{"href":"https:\/\/elcafedepipa.com\/index.php\/wp-json\/wp\/v2\/posts"}],"about":[{"href":"https:\/\/elcafedepipa.com\/index.php\/wp-json\/wp\/v2\/types\/post"}],"author":[{"embeddable":true,"href":"https:\/\/elcafedepipa.com\/index.php\/wp-json\/wp\/v2\/users\/2"}],"replies":[{"embeddable":true,"href":"https:\/\/elcafedepipa.com\/index.php\/wp-json\/wp\/v2\/comments?post=16966"}],"version-history":[{"count":1,"href":"https:\/\/elcafedepipa.com\/index.php\/wp-json\/wp\/v2\/posts\/16966\/revisions"}],"predecessor-version":[{"id":16968,"href":"https:\/\/elcafedepipa.com\/index.php\/wp-json\/wp\/v2\/posts\/16966\/revisions\/16968"}],"wp:featuredmedia":[{"embeddable":true,"href":"https:\/\/elcafedepipa.com\/index.php\/wp-json\/wp\/v2\/media\/16967"}],"wp:attachment":[{"href":"https:\/\/elcafedepipa.com\/index.php\/wp-json\/wp\/v2\/media?parent=16966"}],"wp:term":[{"taxonomy":"category","embeddable":true,"href":"https:\/\/elcafedepipa.com\/index.php\/wp-json\/wp\/v2\/categories?post=16966"},{"taxonomy":"post_tag","embeddable":true,"href":"https:\/\/elcafedepipa.com\/index.php\/wp-json\/wp\/v2\/tags?post=16966"}],"curies":[{"name":"wp","href":"https:\/\/api.w.org\/{rel}","templated":true}]}}